{"id":20432,"date":"2025-05-30T19:35:45","date_gmt":"2025-05-30T23:35:45","guid":{"rendered":"https:\/\/prensapresidencialvenezuela.gob.ve\/?p=20432"},"modified":"2025-05-30T19:35:45","modified_gmt":"2025-05-30T23:35:45","slug":"anuncian-el-inicio-del-primer-programa-de-formacion-de-la-universidad-nacional-de-la-ciencia-2025","status":"publish","type":"post","link":"https:\/\/prensapresidencialvenezuela.gob.ve\/index.php\/2025\/05\/30\/anuncian-el-inicio-del-primer-programa-de-formacion-de-la-universidad-nacional-de-la-ciencia-2025\/","title":{"rendered":"Anuncian el inicio del primer programa de formaci\u00f3n de la Universidad Nacional de la Ciencia 2025"},"content":{"rendered":"\n<p><strong>La Carlota, estado Miranda.<\/strong> \u2013 El presidente de la Rep\u00fablica Bolivariana de Venezuela, Nicol\u00e1s Maduro Moros, anunci\u00f3 este viernes, el inicio acad\u00e9mico del primer programa de formaci\u00f3n de la Universidad Nacional de la Ciencia (UNC) 2025, con la incorporaci\u00f3n de los primeros 500 estudiantes.<\/p>\n\n\n\n<p>Es importante destacar que la formaci\u00f3n que se impartir\u00e1 en esta Casa de Estudios, estar\u00e1 centrada en las siguientes carreras:<\/p>\n\n\n\n<ul class=\"wp-block-list\">\n<li>Ingenier\u00eda en inteligencia artificial<\/li>\n\n\n\n<li>Ingenier\u00eda en Cyber Seguridad<\/li>\n\n\n\n<li>Ingenier\u00eda en Rob\u00f3tica y Automatizaci\u00f3n<\/li>\n\n\n\n<li>Ingenier\u00eda en Petroqu\u00edmica<\/li>\n\n\n\n<li>Licenciatura en Biotecnolog\u00eda<\/li>\n\n\n\n<li>Electro-medicina<\/li>\n\n\n\n<li>Licenciatura en Ciencias de Datos<\/li>\n\n\n\n<li>Filosof\u00eda<\/li>\n\n\n\n<li>F\u00edsica<\/li>\n\n\n\n<li>Oseanolog\u00eda<\/li>\n\n\n\n<li>Licenciatura en Ciencia Molecular<\/li>\n\n\n\n<li>Licenciatura en Nanotenolog\u00eda<\/li>\n\n\n\n<li>F\u00edsica Nuclear<\/li>\n\n\n\n<li>Ingenier\u00eda en Biomateriales<\/li>\n\n\n\n<li>Licenciatura en Biolog\u00eda<\/li>\n\n\n\n<li>Licenciatura en Qu\u00edmica<\/li>\n<\/ul>\n\n\n\n<p>En esta l\u00ednea, el jefe de Estado ha subrayado que la ciencia, para la humanidad, el desarrollo y la paz, en todos sus sentidos; por lo que se\u00f1al\u00f3 ya se tiene un plan para la expansi\u00f3n de la universidad, que en articulaci\u00f3n junto a la Gran Misi\u00f3n Ciencia, Tecnolog\u00eda e innovaci\u00f3n Dr. Humberto Fern\u00e1ndez-Mor\u00e1n tienen la tarea de impulsar el sector.<\/p>\n\n\n\n<p>En este sentido, la UNC, como instituci\u00f3n pionera en la regi\u00f3n, ha tomado el liderazgo de este encuentro con la convicci\u00f3n de que la integraci\u00f3n de saberes y la fraternidad intelectual sigan siendo pilares indispensables para la construcci\u00f3n de sociedades m\u00e1s justas, innovadoras y resilientes.<\/p>\n\n\n\n<p>Este centro de formaci\u00f3n universitaria de investigaci\u00f3n cient\u00edfica fue dise\u00f1ado con voluntad pol\u00edtica, trabajo articulado y visi\u00f3n de futuro, ya que entre los objetivos del Gobierno Bolivariano est\u00e1 transformar la educaci\u00f3n superior en el pa\u00eds y ofrecer oportunidades de formaci\u00f3n de calidad a las nuevas generaciones. Producci\u00f3n del conocimiento cient\u00edfico<\/p>\n\n\n\n<p>En cuanto a este punto, el Mandatario Nacional ha reiterado que el desarrollo de los pa\u00edses y su futuro est\u00e1 determinado al grado de las naciones que accedan a la educaci\u00f3n; raz\u00f3n por la que, precis\u00f3: \u00abHemos logrado en los \u00faltimos a\u00f1os, a pesar de las sanciones y los misiles, a parir soluciones nuevas para romper la dependencia del bloqueo. Ning\u00fan pa\u00eds debe depender jam\u00e1s de ning\u00fan tipo de tecnolog\u00eda o t\u00e9cnica que venga del occidente\u00bb.<\/p>\n\n\n\n<p>Mientras que, la ministra del Poder Popular para la Ciencia y Tecnolog\u00eda, Gabriela Jim\u00e9nez hizo hincapi\u00e9 en que el Presidente ha conducido al pa\u00eds a la victoria, y que \u00abno hay imperialismo cient\u00edfico y tecnol\u00f3gico que pueda con nosotros\u00bb.<\/p>\n\n\n\n<p>Por este motivo, el jefe de Estado enfatiz\u00f3 que la nueva generaci\u00f3n es la protagonista de una nueva \u00e9tica, \u00abla \u00e9tica de la Independencia cient\u00edfica, tecnol\u00f3gica de Venezuela, de un mundo multipolar y multicentric\u00e9ntrico, porque son los pioneros de un tiempo nuevo\u00bb.<\/p>\n\n\n\n<p><strong>Prensa Presidencial\/ Irmary D\u00edaz<\/strong><\/p>\n","protected":false},"excerpt":{"rendered":"<p>La Carlota, estado Miranda. \u2013 El presidente de la Rep\u00fablica Bolivariana de Venezuela, Nicol\u00e1s Maduro Moros, anunci\u00f3 este viernes, el inicio acad\u00e9mico del primer programa de formaci\u00f3n de la Universidad Nacional de la Ciencia (UNC) 2025, con la incorporaci\u00f3n de los primeros 500 estudiantes. Es importante destacar que la formaci\u00f3n que se impartir\u00e1 en esta [&hellip;]<\/p>\n","protected":false},"author":1,"featured_media":20433,"comment_status":"open","ping_status":"open","sticky":false,"template":"","format":"standard","meta":{"footnotes":""},"categories":[18,7],"tags":[],"class_list":["post-20432","post","type-post","status-publish","format-standard","has-post-thumbnail","hentry","category-noticias-principales","category-notas-de-prensa"],"_links":{"self":[{"href":"https:\/\/prensapresidencialvenezuela.gob.ve\/index.php\/wp-json\/wp\/v2\/posts\/20432","targetHints":{"allow":["GET"]}}],"collection":[{"href":"https:\/\/prensapresidencialvenezuela.gob.ve\/index.php\/wp-json\/wp\/v2\/posts"}],"about":[{"href":"https:\/\/prensapresidencialvenezuela.gob.ve\/index.php\/wp-json\/wp\/v2\/types\/post"}],"author":[{"embeddable":true,"href":"https:\/\/prensapresidencialvenezuela.gob.ve\/index.php\/wp-json\/wp\/v2\/users\/1"}],"replies":[{"embeddable":true,"href":"https:\/\/prensapresidencialvenezuela.gob.ve\/index.php\/wp-json\/wp\/v2\/comments?post=20432"}],"version-history":[{"count":1,"href":"https:\/\/prensapresidencialvenezuela.gob.ve\/index.php\/wp-json\/wp\/v2\/posts\/20432\/revisions"}],"predecessor-version":[{"id":20434,"href":"https:\/\/prensapresidencialvenezuela.gob.ve\/index.php\/wp-json\/wp\/v2\/posts\/20432\/revisions\/20434"}],"wp:featuredmedia":[{"embeddable":true,"href":"https:\/\/prensapresidencialvenezuela.gob.ve\/index.php\/wp-json\/wp\/v2\/media\/20433"}],"wp:attachment":[{"href":"https:\/\/prensapresidencialvenezuela.gob.ve\/index.php\/wp-json\/wp\/v2\/media?parent=20432"}],"wp:term":[{"taxonomy":"category","embeddable":true,"href":"https:\/\/prensapresidencialvenezuela.gob.ve\/index.php\/wp-json\/wp\/v2\/categories?post=20432"},{"taxonomy":"post_tag","embeddable":true,"href":"https:\/\/prensapresidencialvenezuela.gob.ve\/index.php\/wp-json\/wp\/v2\/tags?post=20432"}],"curies":[{"name":"wp","href":"https:\/\/api.w.org\/{rel}","templated":true}]}}