{"id":20435,"date":"2025-05-30T19:53:17","date_gmt":"2025-05-30T23:53:17","guid":{"rendered":"https:\/\/prensapresidencialvenezuela.gob.ve\/?p=20435"},"modified":"2025-05-31T12:31:10","modified_gmt":"2025-05-31T16:31:10","slug":"capacidad-e-ingenio-venezolano-ante-las-sanciones-impulsa-la-independencia-tecnologica","status":"publish","type":"post","link":"https:\/\/prensapresidencialvenezuela.gob.ve\/index.php\/2025\/05\/30\/capacidad-e-ingenio-venezolano-ante-las-sanciones-impulsa-la-independencia-tecnologica\/","title":{"rendered":"Capacidad e ingenio venezolano ante las sanciones impulsa la independencia tecnol\u00f3gica"},"content":{"rendered":"\n<p><strong>La Carlota, Caracas.-<\/strong> \u00abHemos logrado en los \u00faltimos a\u00f1os, al calor de las sanciones y el bloqueo, de los misiles que lanzaron contra la vida social y econ\u00f3mica del pa\u00eds, a reinventar soluciones, para romper la dependencia del bloqueo\u00bb, dijo el presidente de la Rep\u00fablica Bolivariana de Venezuela, Nicol\u00e1s Maduro, tras dar inicio al a\u00f1o acad\u00e9mico de la Universidad Nacional de las Ciencias Dr. Humberto Fern\u00e1ndez Mor\u00e1n.<\/p>\n\n\n\n<p>En un nutrido encuentro con los estudiantes de esta nueva alma mater, el jefe de Estado lanz\u00f3 un llamado antiimperialista al sector cient\u00edfico, para que junto al Estado venezolano se armen f\u00f3rmulas tecnol\u00f3gicas que permitan romper con la dependencia extranjera y toda estrategia de dominaci\u00f3n neocolonial.<\/p>\n\n\n\n<p>\u00abNing\u00fan pa\u00eds debe depender de ninguna tecnolog\u00eda que venga de Occidente. As\u00ed lo creemos en Venezuela, tenemos que crear nuestras propias f\u00f3rmulas tecnol\u00f3gicas, hermanarnos con las potencias emergentes del mundo nuevo y no depender m\u00e1s nunca, jam\u00e1s, de ning\u00fan tipo de tecnolog\u00eda o t\u00e9cnica que venga de Occidente y pueda ser utilizada con chantaje o amenaza para el funcionamiento de la sociedad o la econom\u00eda\u00bb, sostuvo el mandatario nacional.<\/p>\n\n\n\n<p>En tal sentido, convoc\u00f3 a que la ciencia ponga en el centro a los seres humanos. \u201cYa tenemos listo el plan para la expansi\u00f3n territorial de la universidad, y para la articulaci\u00f3n de la universidad junto a la Gran Misi\u00f3n Ciencia, Tecnolog\u00eda e Innovaci\u00f3n Dr. Humberto Fern\u00e1ndez-Mor\u00e1n, con el poder territorial de los circuitos territoriales y los Semilleros Cient\u00edficos\u201d, deline\u00f3 sobre el plan de acci\u00f3n para el futuro pac\u00edfico del pa\u00eds.<\/p>\n\n\n\n<p>Por su parte, la vicepresidenta sectorial de Ciencia, Tecnolog\u00eda, Educaci\u00f3n y Salud, Gabriela Jim\u00e9nez, record\u00f3 que aunque las sanciones tuvieron como prop\u00f3sito debilitar el Estado, para forzar un cambio de gobierno por la fuerza, el pueblo aprovech\u00f3 la circunstancia para explotar su ingenio.<\/p>\n\n\n\n<p>\u201cLas sanciones fueron direccionadas por tanques de pensamiento cient\u00edficos, que analizaron nuestra econom\u00eda, nuestros h\u00e1bitos y nuestras costumbres e hicieron de la ciencia, esas ciencia malinterpretada, un elemento para destruir a nuestro pueblo. A nosotros, esas sanciones las hemos convertido en una oportunidad para movernos en la virtud y la inteligencia\u201d, concluy\u00f3.<\/p>\n\n\n\n<p><strong>Carreras que ofrece la universidad:<\/strong><\/p>\n\n\n\n<p>En orden de importancia nacional:<\/p>\n\n\n\n<p>-Ingenier\u00eda en IA<\/p>\n\n\n\n<p>-Ingenier\u00eda en Ciber-seguridad<\/p>\n\n\n\n<p>-Ingenier\u00eda en Rob\u00f3tica y Automatizaci\u00f3n<\/p>\n\n\n\n<p>-Ingenier\u00eda en Petroqu\u00edmica<\/p>\n\n\n\n<p>-Licenciatura en Biotecnolog\u00eda<\/p>\n\n\n\n<p>-Ingenier\u00eda en Electro-medicina<\/p>\n\n\n\n<p>-Licenciatura en Ciencias de Datos<\/p>\n\n\n\n<p>-Licenciatura en Filosof\u00eda<\/p>\n\n\n\n<p>-Licenciatura en F\u00edsica<\/p>\n\n\n\n<p>-Licenciatura en Oceanolog\u00eda<\/p>\n\n\n\n<p>-Licenciatura en Ciencia Molecular<\/p>\n\n\n\n<p>-Licenciatura en Nanotecnolog\u00eda<\/p>\n\n\n\n<p>-Licenciatura en F\u00edsica Nuclear<\/p>\n\n\n\n<p>-Ingeniar\u00eda en Biomateriales<\/p>\n\n\n\n<p>-Licenciatura en Biolog\u00eda y Qu\u00edmica<\/p>\n\n\n\n<p>-Licenciatura. En Matem\u00e1ticas<\/p>\n\n\n\n<p><strong>Prensa Presidencial \/Iliana Rosales<\/strong><\/p>\n\n\n\n<p><\/p>\n","protected":false},"excerpt":{"rendered":"<p>La Carlota, Caracas.- \u00abHemos logrado en los \u00faltimos a\u00f1os, al calor de las sanciones y el bloqueo, de los misiles que lanzaron contra la vida social y econ\u00f3mica del pa\u00eds, a reinventar soluciones, para romper la dependencia del bloqueo\u00bb, dijo el presidente de la Rep\u00fablica Bolivariana de Venezuela, Nicol\u00e1s Maduro, tras dar inicio al a\u00f1o [&hellip;]<\/p>\n","protected":false},"author":1,"featured_media":20436,"comment_status":"open","ping_status":"open","sticky":false,"template":"","format":"standard","meta":{"footnotes":""},"categories":[18,7],"tags":[],"class_list":["post-20435","post","type-post","status-publish","format-standard","has-post-thumbnail","hentry","category-noticias-principales","category-notas-de-prensa"],"_links":{"self":[{"href":"https:\/\/prensapresidencialvenezuela.gob.ve\/index.php\/wp-json\/wp\/v2\/posts\/20435","targetHints":{"allow":["GET"]}}],"collection":[{"href":"https:\/\/prensapresidencialvenezuela.gob.ve\/index.php\/wp-json\/wp\/v2\/posts"}],"about":[{"href":"https:\/\/prensapresidencialvenezuela.gob.ve\/index.php\/wp-json\/wp\/v2\/types\/post"}],"author":[{"embeddable":true,"href":"https:\/\/prensapresidencialvenezuela.gob.ve\/index.php\/wp-json\/wp\/v2\/users\/1"}],"replies":[{"embeddable":true,"href":"https:\/\/prensapresidencialvenezuela.gob.ve\/index.php\/wp-json\/wp\/v2\/comments?post=20435"}],"version-history":[{"count":6,"href":"https:\/\/prensapresidencialvenezuela.gob.ve\/index.php\/wp-json\/wp\/v2\/posts\/20435\/revisions"}],"predecessor-version":[{"id":20450,"href":"https:\/\/prensapresidencialvenezuela.gob.ve\/index.php\/wp-json\/wp\/v2\/posts\/20435\/revisions\/20450"}],"wp:featuredmedia":[{"embeddable":true,"href":"https:\/\/prensapresidencialvenezuela.gob.ve\/index.php\/wp-json\/wp\/v2\/media\/20436"}],"wp:attachment":[{"href":"https:\/\/prensapresidencialvenezuela.gob.ve\/index.php\/wp-json\/wp\/v2\/media?parent=20435"}],"wp:term":[{"taxonomy":"category","embeddable":true,"href":"https:\/\/prensapresidencialvenezuela.gob.ve\/index.php\/wp-json\/wp\/v2\/categories?post=20435"},{"taxonomy":"post_tag","embeddable":true,"href":"https:\/\/prensapresidencialvenezuela.gob.ve\/index.php\/wp-json\/wp\/v2\/tags?post=20435"}],"curies":[{"name":"wp","href":"https:\/\/api.w.org\/{rel}","templated":true}]}}