{"id":2047,"date":"2022-05-26T18:09:00","date_gmt":"2022-05-26T18:09:00","guid":{"rendered":"http:\/\/172.27.0.121\/?p=2047"},"modified":"2022-07-01T18:11:26","modified_gmt":"2022-07-01T18:11:26","slug":"vicepresidenta-rodriguez-union-economica-euroasiatica-traza-caminos-para-la-integracion","status":"publish","type":"post","link":"https:\/\/prensapresidencialvenezuela.gob.ve\/index.php\/2022\/05\/26\/vicepresidenta-rodriguez-union-economica-euroasiatica-traza-caminos-para-la-integracion\/","title":{"rendered":"Vicepresidenta Rodr\u00edguez: Uni\u00f3n Econ\u00f3mica Euroasi\u00e1tica traza caminos para la integraci\u00f3n"},"content":{"rendered":"\n<p><strong>Palacio de Miraflores, Caracas.-<\/strong> La vicepresidenta Ejecutiva de la Rep\u00fablica Bolivariana de Venezuela, Delcy Rodr\u00edguez, afirm\u00f3 que la Uni\u00f3n Econ\u00f3mica Euroasi\u00e1tica ha trazado nuevos caminos para la integraci\u00f3n entre pa\u00edses de esta regi\u00f3n con otros bloques territoriales.<\/p>\n\n\n\n<p>\u201cReconocemos la importancia de establecer mecanismos de cooperaci\u00f3n en condiciones de respeto entre naciones soberanas, este es el camino para tejer un mundo pluripolar, multicentrico, sin hegemonismo y sin la utilizaci\u00f3n de la econom\u00eda con fines pol\u00edticos\u201d, destac\u00f3.<\/p>\n\n\n\n<p>Durante su participaci\u00f3n en el Foro Econ\u00f3mico Euroasi\u00e1tico, la alta funcionaria venezolana enfatiz\u00f3 que el desarrollo entre las relaciones del bloque euroasi\u00e1tico y Am\u00e9rica Latina experiment\u00f3 un incremento, en el \u00faltimo a\u00f1o, del 131% de las importaciones.<\/p>\n\n\n\n<p>\u201cHan invitado a Venezuela a participar a este Foro y Venezuela tiene mucho que decir, Venezuela tiene mucho que ofrecer (\u2026) Venezuela es la primera reserva mundial de petr\u00f3leo del mundo e importantes inversiones pueden recibirse en Venezuela\u201d recalc\u00f3.<\/p>\n\n\n\n<p>En este sentido, Rodr\u00edguez hizo referencia al marco legislativo de la naci\u00f3n suramericana que est\u00e1 adaptado a la captaci\u00f3n de inversiones de forma segura y transparente.<\/p>\n\n\n\n<p>\u201cVenezuela es la quinta reserva de gas en el mundo y hemos empezado el camino para el desarrollo de la exportaci\u00f3n de este importante hidrocarburo (\u2026) de igual manera Venezuela, en el \u00e1rea de minerales, tiene la cuarta reserva mundial de oro, la primera reserva de diamantes, tiene hierro, bauxita, minerales con los cuales nosotros podemos interponer cooperaci\u00f3n con este bloque euroasi\u00e1tico\u201d.<\/p>\n\n\n\n<p>La Vicepresidenta Ejecutiva destac\u00f3 el potencial exportador que tiene Venezuela y el desarrollo agroindustrial que comprende: frutas, productos del mar, cacao, carne y otros rubros agroindustriales; que se han potenciado en los \u00faltimos a\u00f1os \u201cpara aportar al mundo, incluso en momentos de dificultad, que sabemos que se viven en todo el planeta\u201d.<\/p>\n\n\n\n<p>En esa l\u00ednea, Rodr\u00edguez indic\u00f3 que Venezuela ha incrementado sus exportaciones no tradicionales en un 76% y seg\u00fan la Comisi\u00f3n Econ\u00f3mica para Am\u00e9rica Latina y el Caribe&nbsp;(CEPAL) se coloca en el octavo puesto de Am\u00e9rica Latina y El Caribe en incremento de sus exportaciones.<\/p>\n\n\n\n<p>\u201cSon noticias para este bloque econ\u00f3mico que hoy est\u00e1 llamando a la integraci\u00f3n, a las posibilidades de inversi\u00f3n y este es el papel seguro del relacionamiento de Venezuela con otros bloques econ\u00f3micos del mundo y viceversa\u201d, expres\u00f3.<\/p>\n\n\n\n<p>El Foro Econ\u00f3mico Euroasi\u00e1tico se realiza en Kirguist\u00e1n y en el mismo participan cerca de mil 700 representantes de 15 pa\u00edses de Am\u00e9rica Latina y el sudeste asi\u00e1tico.<\/p>\n\n\n\n<p><strong>Prensa Presidencial\/Bianca Borrero<\/strong><\/p>\n","protected":false},"excerpt":{"rendered":"<p>Palacio de Miraflores, Caracas.- La vicepresidenta Ejecutiva de la Rep\u00fablica Bolivariana de Venezuela, Delcy Rodr\u00edguez, afirm\u00f3 que la Uni\u00f3n Econ\u00f3mica Euroasi\u00e1tica ha trazado nuevos caminos para la integraci\u00f3n entre pa\u00edses de esta regi\u00f3n con otros bloques territoriales. \u201cReconocemos la importancia de establecer mecanismos de cooperaci\u00f3n en condiciones de respeto entre naciones soberanas, este es el [&hellip;]<\/p>\n","protected":false},"author":6,"featured_media":2048,"comment_status":"open","ping_status":"open","sticky":false,"template":"","format":"standard","meta":{"footnotes":""},"categories":[7],"tags":[],"class_list":["post-2047","post","type-post","status-publish","format-standard","has-post-thumbnail","hentry","category-notas-de-prensa"],"_links":{"self":[{"href":"https:\/\/prensapresidencialvenezuela.gob.ve\/index.php\/wp-json\/wp\/v2\/posts\/2047","targetHints":{"allow":["GET"]}}],"collection":[{"href":"https:\/\/prensapresidencialvenezuela.gob.ve\/index.php\/wp-json\/wp\/v2\/posts"}],"about":[{"href":"https:\/\/prensapresidencialvenezuela.gob.ve\/index.php\/wp-json\/wp\/v2\/types\/post"}],"author":[{"embeddable":true,"href":"https:\/\/prensapresidencialvenezuela.gob.ve\/index.php\/wp-json\/wp\/v2\/users\/6"}],"replies":[{"embeddable":true,"href":"https:\/\/prensapresidencialvenezuela.gob.ve\/index.php\/wp-json\/wp\/v2\/comments?post=2047"}],"version-history":[{"count":1,"href":"https:\/\/prensapresidencialvenezuela.gob.ve\/index.php\/wp-json\/wp\/v2\/posts\/2047\/revisions"}],"predecessor-version":[{"id":2049,"href":"https:\/\/prensapresidencialvenezuela.gob.ve\/index.php\/wp-json\/wp\/v2\/posts\/2047\/revisions\/2049"}],"wp:featuredmedia":[{"embeddable":true,"href":"https:\/\/prensapresidencialvenezuela.gob.ve\/index.php\/wp-json\/wp\/v2\/media\/2048"}],"wp:attachment":[{"href":"https:\/\/prensapresidencialvenezuela.gob.ve\/index.php\/wp-json\/wp\/v2\/media?parent=2047"}],"wp:term":[{"taxonomy":"category","embeddable":true,"href":"https:\/\/prensapresidencialvenezuela.gob.ve\/index.php\/wp-json\/wp\/v2\/categories?post=2047"},{"taxonomy":"post_tag","embeddable":true,"href":"https:\/\/prensapresidencialvenezuela.gob.ve\/index.php\/wp-json\/wp\/v2\/tags?post=2047"}],"curies":[{"name":"wp","href":"https:\/\/api.w.org\/{rel}","templated":true}]}}