{"id":20471,"date":"2025-06-02T18:20:39","date_gmt":"2025-06-02T22:20:39","guid":{"rendered":"https:\/\/prensapresidencialvenezuela.gob.ve\/?p=20471"},"modified":"2025-06-02T18:30:57","modified_gmt":"2025-06-02T22:30:57","slug":"nuevo-embajador-de-la-republica-argelina-democratica-y-popular-entrego-cartas-credenciales-en-palacio-de-miraflores","status":"publish","type":"post","link":"https:\/\/prensapresidencialvenezuela.gob.ve\/index.php\/2025\/06\/02\/nuevo-embajador-de-la-republica-argelina-democratica-y-popular-entrego-cartas-credenciales-en-palacio-de-miraflores\/","title":{"rendered":"Nuevo embajador de la Rep\u00fablica Argelina Democr\u00e1tica y Popular entreg\u00f3 cartas credenciales en Palacio de Miraflores"},"content":{"rendered":"\n<p><strong>Palacio de Miraflores, Caracas.<\/strong> &#8211; El presidente de la Rep\u00fablica Bolivariana de Venezuela, Nicol\u00e1s Maduro, recibi\u00f3 las cartas credenciales del Embajador Extraordinario y Plenipotenciario de la Rep\u00fablica Argelina Democr\u00e1tica y Popular, Farouk Benmokhtar.<\/p>\n\n\n\n<p>Este acto reafirma los lazos de cooperaci\u00f3n y di\u00e1logo que ambas naciones mantienen desde 1971, los cuales se han fortalecido en el contexto de la Revoluci\u00f3n Bolivariana.<\/p>\n\n\n\n<p>El nuevo embajador, Farouk Benmokhtar, posee una s\u00f3lida formaci\u00f3n acad\u00e9mica en relaciones internacionales y pol\u00edtica, habiendo egresado de la Escuela de Altos Estudios Internacionales y Pol\u00edticos de Par\u00eds en 2007, y cuenta con un m\u00e1ster en Administraci\u00f3n Econ\u00f3mica y Social realizado en Par\u00eds en 2005. Adem\u00e1s, domina varios idiomas, en particular \u00e1rabe, franc\u00e9s, ingl\u00e9s y castellano.<\/p>\n\n\n\n<p>Su experiencia profesional incluye desempe\u00f1arse como ministro consejero de la Embajada de Argelia en Madrid desde agosto de 2022, con anterioridad como Encargado de Negocios (ad interim), en esa misma legaci\u00f3n hasta diciembre de 2023.<\/p>\n\n\n\n<pre class=\"wp-block-code\"><code><\/code><\/pre><blockquote class=\"text-post-media\" data-text-post-permalink=\"https:\/\/www.threads.com\/@presidencialve\/post\/DKakOTGJJGa\" data-text-post-version=\"0\" id=\"ig-tp-DKakOTGJJGa\" style=\" background:#FFF; border-width: 1px; border-style: solid; border-color: #00000026; border-radius: 16px; max-width:540px; margin: 1px; min-width:270px; padding:0; width:99.375%; width:-webkit-calc(100% - 2px); width:calc(100% - 2px);\"> <a href=\"https:\/\/www.threads.com\/@presidencialve\/post\/DKakOTGJJGa\" style=\" background:#FFFFFF; line-height:0; padding:0 0; text-align:center; text-decoration:none; width:100%; font-family: -apple-system, BlinkMacSystemFont, sans-serif;\" target=\"_blank\"> <div style=\" padding: 40px; display: flex; flex-direction: column; align-items: center;\"><div style=\" display:block; height:32px; width:32px; padding-bottom:20px;\"> <svg aria-label=\"Threads\" height=\"32px\" role=\"img\" viewBox=\"0 0 192 192\" width=\"32px\" xmlns=\"http:\/\/www.w3.org\/2000\/svg\"> <path d=\"M141.537 88.9883C140.71 88.5919 139.87 88.2104 139.019 87.8451C137.537 60.5382 122.616 44.905 97.5619 44.745C97.4484 44.7443 97.3355 44.7443 97.222 44.7443C82.2364 44.7443 69.7731 51.1409 62.102 62.7807L75.881 72.2328C81.6116 63.5383 90.6052 61.6848 97.2286 61.6848C97.3051 61.6848 97.3819 61.6848 97.4576 61.6855C105.707 61.7381 111.932 64.1366 115.961 68.814C118.893 72.2193 120.854 76.925 121.825 82.8638C114.511 81.6207 106.601 81.2385 98.145 81.7233C74.3247 83.0954 59.0111 96.9879 60.0396 116.292C60.5615 126.084 65.4397 134.508 73.775 140.011C80.8224 144.663 89.899 146.938 99.3323 146.423C111.79 145.74 121.563 140.987 128.381 132.296C133.559 125.696 136.834 117.143 138.28 106.366C144.217 109.949 148.617 114.664 151.047 120.332C155.179 129.967 155.42 145.8 142.501 158.708C131.182 170.016 117.576 174.908 97.0135 175.059C74.2042 174.89 56.9538 167.575 45.7381 153.317C35.2355 139.966 29.8077 120.682 29.6052 96C29.8077 71.3178 35.2355 52.0336 45.7381 38.6827C56.9538 24.4249 74.2039 17.11 97.0132 16.9405C119.988 17.1113 137.539 24.4614 149.184 38.788C154.894 45.8136 159.199 54.6488 162.037 64.9503L178.184 60.6422C174.744 47.9622 169.331 37.0357 161.965 27.974C147.036 9.60668 125.202 0.195148 97.0695 0H96.9569C68.8816 0.19447 47.2921 9.6418 32.7883 28.0793C19.8819 44.4864 13.2244 67.3157 13.0007 95.9325L13 96L13.0007 96.0675C13.2244 124.684 19.8819 147.514 32.7883 163.921C47.2921 182.358 68.8816 191.806 96.9569 192H97.0695C122.03 191.827 139.624 185.292 154.118 170.811C173.081 151.866 172.51 128.119 166.26 113.541C161.776 103.087 153.227 94.5962 141.537 88.9883ZM98.4405 129.507C88.0005 130.095 77.1544 125.409 76.6196 115.372C76.2232 107.93 81.9158 99.626 99.0812 98.6368C101.047 98.5234 102.976 98.468 104.871 98.468C111.106 98.468 116.939 99.0737 122.242 100.233C120.264 124.935 108.662 128.946 98.4405 129.507Z\" \/><\/svg><\/div><div style=\" font-size: 15px; line-height: 21px; color: #000000; font-weight: 600; \"> Ver en Threads<\/div><\/div><\/a><\/blockquote>\n<script async src=\"https:\/\/www.threads.com\/embed.js\"><\/script>\n\n\n\n<p>Sus cargos previos en la diplomacia argelina abarcan funciones de consejero en asuntos econ\u00f3micos en Madrid, as\u00ed como roles en la Embajada en N\u00edger y en diferentes \u00e1reas del Ministerio de Asuntos Exteriores, especializadas en Asia y Oriente Medio.<\/p>\n\n\n\n<p>El fortalecimiento de las relaciones entre Caracas y Argel ha sido una constante desde los primeros contactos iniciados en 1971, marcada por la firma de m\u00faltiples acuerdos y la realizaci\u00f3n de comisiones mixtas, con un impulso decisivo tras la llegada de la Revoluci\u00f3n Bolivariana, liderada por el comandante Hugo Ch\u00e1vez, y que ha sido afianzada bajo la gesti\u00f3n del presidente Nicol\u00e1s Maduro.<\/p>\n\n\n\n<p><strong>Prensa Presidencial\/ Luis Tavera<\/strong><\/p>\n\n\n\n<p><\/p>\n","protected":false},"excerpt":{"rendered":"<p>Palacio de Miraflores, Caracas. &#8211; El presidente de la Rep\u00fablica Bolivariana de Venezuela, Nicol\u00e1s Maduro, recibi\u00f3 las cartas credenciales del Embajador Extraordinario y Plenipotenciario de la Rep\u00fablica Argelina Democr\u00e1tica y Popular, Farouk Benmokhtar. Este acto reafirma los lazos de cooperaci\u00f3n y di\u00e1logo que ambas naciones mantienen desde 1971, los cuales se han fortalecido en el [&hellip;]<\/p>\n","protected":false},"author":1,"featured_media":20474,"comment_status":"open","ping_status":"open","sticky":false,"template":"","format":"standard","meta":{"footnotes":""},"categories":[18,7],"tags":[128,19,20],"class_list":["post-20471","post","type-post","status-publish","format-standard","has-post-thumbnail","hentry","category-noticias-principales","category-notas-de-prensa","tag-argelia","tag-nicolas-maduro","tag-venezuela"],"_links":{"self":[{"href":"https:\/\/prensapresidencialvenezuela.gob.ve\/index.php\/wp-json\/wp\/v2\/posts\/20471","targetHints":{"allow":["GET"]}}],"collection":[{"href":"https:\/\/prensapresidencialvenezuela.gob.ve\/index.php\/wp-json\/wp\/v2\/posts"}],"about":[{"href":"https:\/\/prensapresidencialvenezuela.gob.ve\/index.php\/wp-json\/wp\/v2\/types\/post"}],"author":[{"embeddable":true,"href":"https:\/\/prensapresidencialvenezuela.gob.ve\/index.php\/wp-json\/wp\/v2\/users\/1"}],"replies":[{"embeddable":true,"href":"https:\/\/prensapresidencialvenezuela.gob.ve\/index.php\/wp-json\/wp\/v2\/comments?post=20471"}],"version-history":[{"count":4,"href":"https:\/\/prensapresidencialvenezuela.gob.ve\/index.php\/wp-json\/wp\/v2\/posts\/20471\/revisions"}],"predecessor-version":[{"id":20479,"href":"https:\/\/prensapresidencialvenezuela.gob.ve\/index.php\/wp-json\/wp\/v2\/posts\/20471\/revisions\/20479"}],"wp:featuredmedia":[{"embeddable":true,"href":"https:\/\/prensapresidencialvenezuela.gob.ve\/index.php\/wp-json\/wp\/v2\/media\/20474"}],"wp:attachment":[{"href":"https:\/\/prensapresidencialvenezuela.gob.ve\/index.php\/wp-json\/wp\/v2\/media?parent=20471"}],"wp:term":[{"taxonomy":"category","embeddable":true,"href":"https:\/\/prensapresidencialvenezuela.gob.ve\/index.php\/wp-json\/wp\/v2\/categories?post=20471"},{"taxonomy":"post_tag","embeddable":true,"href":"https:\/\/prensapresidencialvenezuela.gob.ve\/index.php\/wp-json\/wp\/v2\/tags?post=20471"}],"curies":[{"name":"wp","href":"https:\/\/api.w.org\/{rel}","templated":true}]}}