{"id":20480,"date":"2025-06-02T18:53:20","date_gmt":"2025-06-02T22:53:20","guid":{"rendered":"https:\/\/prensapresidencialvenezuela.gob.ve\/?p=20480"},"modified":"2025-06-03T12:36:43","modified_gmt":"2025-06-03T16:36:43","slug":"presidente-maduro-recibe-cartas-credenciales-del-nuevo-embajador-de-haiti-y-reafirman-lazos-de-amistad","status":"publish","type":"post","link":"https:\/\/prensapresidencialvenezuela.gob.ve\/index.php\/2025\/06\/02\/presidente-maduro-recibe-cartas-credenciales-del-nuevo-embajador-de-haiti-y-reafirman-lazos-de-amistad\/","title":{"rendered":"Presidente Maduro recibe cartas credenciales del nuevo embajador de Hait\u00ed y reafirman lazos de amistad"},"content":{"rendered":"\n<p><strong>Palacio de Miraflores, Caracas. &#8211;<\/strong> El presidente de la Rep\u00fablica Bolivariana de Venezuela, Nicol\u00e1s Maduro Moros, recibi\u00f3 este lunes 2 de mayo, en el Palacio de Miraflores, las cartas credenciales del nuevo embajador de la Rep\u00fablica de Hait\u00ed, Jean Mary Vaval, formalizando as\u00ed su designaci\u00f3n como representante diplom\u00e1tico ante el a\u00eds.\u00a0<\/p>\n\n\n\n<p>Durante el acto protocolar, el Jefe de Estado venezolano reafirm\u00f3 los hist\u00f3ricos lazos de amistad y solidaridad que unen a ambas naciones y destac\u00f3 el compromiso de Venezuela con el desarrollo social de Hait\u00ed y su derecho a la autodeterminaci\u00f3n.<\/p>\n\n\n\n<p><strong>Relaciones diplom\u00e1ticas fortalecidas<\/strong><\/p>\n\n\n\n<p>Venezuela y Hait\u00ed han consolidado sus relaciones diplom\u00e1ticas a lo largo de los a\u00f1os, con una embajada venezolana en Puerto Pr\u00edncipe y una representaci\u00f3n haitiana en Caracas. Esta conexi\u00f3n ha facilitado la firma de acuerdos bilaterales en beneficio mutuo.&nbsp;<\/p>\n\n\n\n<p>Asimismo, la Rep\u00fablica de Hait\u00ed es miembro activo de Petrocaribe, una iniciativa impulsada por Venezuela y que permite a los pa\u00edses del Caribe acceder a petr\u00f3leo y derivados en condiciones preferenciales. Como mecanismo, ha sido garante del suministro energ\u00e9tico en Hait\u00ed.<\/p>\n\n\n\n<p>Adem\u00e1s, desde febrero de 2012, Hait\u00ed es observador permanente de la Alianza Bolivariana para los Pueblos de Nuestra Am\u00e9rica (ALBA-TCP), lo que refuerza la integraci\u00f3n regional y los proyectos de cooperaci\u00f3n en \u00e1reas sociales, econ\u00f3micas y culturales.&nbsp;<\/p>\n\n\n\n<p><strong>Un v\u00ednculo hist\u00f3rico<\/strong><\/p>\n\n\n\n<p>Los lazos entre Venezuela y Hait\u00ed se remontan a la gesta independentista de 1815, cuando esta naci\u00f3n caribe\u00f1a brind\u00f3 apoyo al Libertador Sim\u00f3n Bol\u00edvar, ofreci\u00e9ndole asilo ante la ca\u00edda de la Segunda Rep\u00fablica y, de este modo, apoy\u00f3 la emancipaci\u00f3n de Venezuela y Am\u00e9rica Latina.&nbsp;<\/p>\n\n\n\n<p><strong>Datos sobre el embajador Jean Mary Vaval<\/strong><\/p>\n\n\n\n<p>Jean Mary Vaval, nacido en Puerto Pr\u00edncipe el 7 de junio de 1962, es un diplom\u00e1tico de amplia trayectoria. Licenciado en Ciencias Sociales y m\u00e1ster en Relaciones Econ\u00f3micas Internacionales por la Universidad de La Habana, cuenta con estudios en macroeconom\u00eda, finanzas internacionales, administraci\u00f3n bancaria y desarrollo econ\u00f3mico.&nbsp;<\/p>\n\n\n\n<p>Domina el franc\u00e9s, ingl\u00e9s y espa\u00f1ol, y ha servido en representaciones diplom\u00e1ticas de Hait\u00ed en Cuba, Panam\u00e1 y Venezuela, pa\u00edses en los cuales se desempe\u00f1\u00f3 en diversos cargos: primer secretario (La Habana) y jefe de Asuntos Culturales y Comerciales (Panam\u00e1 y Venezuela).<\/p>\n\n\n\n<p>Su designaci\u00f3n como embajador en Caracas fue notificada el 26 de diciembre de 2024 y aceptada por Venezuela el 17 de marzo de 2025.&nbsp;<\/p>\n\n\n\n<p><strong>Prensa Presidencial \/ Iliana Rosales<\/strong><\/p>\n\n\n\n<figure class=\"wp-block-gallery has-nested-images columns-default is-cropped wp-block-gallery-1 is-layout-flex wp-block-gallery-is-layout-flex\">\n<figure class=\"wp-block-image size-large\"><img fetchpriority=\"high\" decoding=\"async\" width=\"1024\" height=\"961\" data-id=\"20485\" src=\"https:\/\/prensapresidencialvenezuela.gob.ve\/wp-content\/uploads\/2025\/06\/09_ZC_L4486_P-1024x961.jpg\" alt=\"\" class=\"wp-image-20485\" srcset=\"https:\/\/prensapresidencialvenezuela.gob.ve\/wp-content\/uploads\/2025\/06\/09_ZC_L4486_P-1024x961.jpg 1024w, https:\/\/prensapresidencialvenezuela.gob.ve\/wp-content\/uploads\/2025\/06\/09_ZC_L4486_P-300x281.jpg 300w, https:\/\/prensapresidencialvenezuela.gob.ve\/wp-content\/uploads\/2025\/06\/09_ZC_L4486_P-768x720.jpg 768w, https:\/\/prensapresidencialvenezuela.gob.ve\/wp-content\/uploads\/2025\/06\/09_ZC_L4486_P-1536x1441.jpg 1536w, https:\/\/prensapresidencialvenezuela.gob.ve\/wp-content\/uploads\/2025\/06\/09_ZC_L4486_P-2048x1921.jpg 2048w\" sizes=\"(max-width: 1024px) 100vw, 1024px\" \/><\/figure>\n\n\n\n<figure class=\"wp-block-image size-large\"><img decoding=\"async\" width=\"1024\" height=\"825\" data-id=\"20486\" src=\"https:\/\/prensapresidencialvenezuela.gob.ve\/wp-content\/uploads\/2025\/06\/10_ZC_L4495_P-1024x825.jpg\" alt=\"\" class=\"wp-image-20486\" srcset=\"https:\/\/prensapresidencialvenezuela.gob.ve\/wp-content\/uploads\/2025\/06\/10_ZC_L4495_P-1024x825.jpg 1024w, https:\/\/prensapresidencialvenezuela.gob.ve\/wp-content\/uploads\/2025\/06\/10_ZC_L4495_P-300x242.jpg 300w, https:\/\/prensapresidencialvenezuela.gob.ve\/wp-content\/uploads\/2025\/06\/10_ZC_L4495_P-768x619.jpg 768w, https:\/\/prensapresidencialvenezuela.gob.ve\/wp-content\/uploads\/2025\/06\/10_ZC_L4495_P-1536x1238.jpg 1536w, https:\/\/prensapresidencialvenezuela.gob.ve\/wp-content\/uploads\/2025\/06\/10_ZC_L4495_P-2048x1650.jpg 2048w\" sizes=\"(max-width: 1024px) 100vw, 1024px\" \/><\/figure>\n\n\n\n<figure class=\"wp-block-image size-large\"><img decoding=\"async\" width=\"1024\" height=\"746\" data-id=\"20487\" src=\"https:\/\/prensapresidencialvenezuela.gob.ve\/wp-content\/uploads\/2025\/06\/12EG_L1358_P-1024x746.jpg\" alt=\"\" class=\"wp-image-20487\" srcset=\"https:\/\/prensapresidencialvenezuela.gob.ve\/wp-content\/uploads\/2025\/06\/12EG_L1358_P-1024x746.jpg 1024w, https:\/\/prensapresidencialvenezuela.gob.ve\/wp-content\/uploads\/2025\/06\/12EG_L1358_P-300x218.jpg 300w, https:\/\/prensapresidencialvenezuela.gob.ve\/wp-content\/uploads\/2025\/06\/12EG_L1358_P-768x559.jpg 768w, https:\/\/prensapresidencialvenezuela.gob.ve\/wp-content\/uploads\/2025\/06\/12EG_L1358_P-1536x1119.jpg 1536w, https:\/\/prensapresidencialvenezuela.gob.ve\/wp-content\/uploads\/2025\/06\/12EG_L1358_P-2048x1492.jpg 2048w\" sizes=\"(max-width: 1024px) 100vw, 1024px\" \/><\/figure>\n<\/figure>\n","protected":false},"excerpt":{"rendered":"<p>Palacio de Miraflores, Caracas. &#8211; El presidente de la Rep\u00fablica Bolivariana de Venezuela, Nicol\u00e1s Maduro Moros, recibi\u00f3 este lunes 2 de mayo, en el Palacio de Miraflores, las cartas credenciales del nuevo embajador de la Rep\u00fablica de Hait\u00ed, Jean Mary Vaval, formalizando as\u00ed su designaci\u00f3n como representante diplom\u00e1tico ante el a\u00eds.\u00a0 Durante el acto protocolar, [&hellip;]<\/p>\n","protected":false},"author":1,"featured_media":20481,"comment_status":"open","ping_status":"open","sticky":false,"template":"","format":"standard","meta":{"footnotes":""},"categories":[18,7,1],"tags":[],"class_list":["post-20480","post","type-post","status-publish","format-standard","has-post-thumbnail","hentry","category-noticias-principales","category-notas-de-prensa","category-sin-categoria"],"_links":{"self":[{"href":"https:\/\/prensapresidencialvenezuela.gob.ve\/index.php\/wp-json\/wp\/v2\/posts\/20480","targetHints":{"allow":["GET"]}}],"collection":[{"href":"https:\/\/prensapresidencialvenezuela.gob.ve\/index.php\/wp-json\/wp\/v2\/posts"}],"about":[{"href":"https:\/\/prensapresidencialvenezuela.gob.ve\/index.php\/wp-json\/wp\/v2\/types\/post"}],"author":[{"embeddable":true,"href":"https:\/\/prensapresidencialvenezuela.gob.ve\/index.php\/wp-json\/wp\/v2\/users\/1"}],"replies":[{"embeddable":true,"href":"https:\/\/prensapresidencialvenezuela.gob.ve\/index.php\/wp-json\/wp\/v2\/comments?post=20480"}],"version-history":[{"count":5,"href":"https:\/\/prensapresidencialvenezuela.gob.ve\/index.php\/wp-json\/wp\/v2\/posts\/20480\/revisions"}],"predecessor-version":[{"id":20553,"href":"https:\/\/prensapresidencialvenezuela.gob.ve\/index.php\/wp-json\/wp\/v2\/posts\/20480\/revisions\/20553"}],"wp:featuredmedia":[{"embeddable":true,"href":"https:\/\/prensapresidencialvenezuela.gob.ve\/index.php\/wp-json\/wp\/v2\/media\/20481"}],"wp:attachment":[{"href":"https:\/\/prensapresidencialvenezuela.gob.ve\/index.php\/wp-json\/wp\/v2\/media?parent=20480"}],"wp:term":[{"taxonomy":"category","embeddable":true,"href":"https:\/\/prensapresidencialvenezuela.gob.ve\/index.php\/wp-json\/wp\/v2\/categories?post=20480"},{"taxonomy":"post_tag","embeddable":true,"href":"https:\/\/prensapresidencialvenezuela.gob.ve\/index.php\/wp-json\/wp\/v2\/tags?post=20480"}],"curies":[{"name":"wp","href":"https:\/\/api.w.org\/{rel}","templated":true}]}}