{"id":20489,"date":"2025-06-02T19:01:59","date_gmt":"2025-06-02T23:01:59","guid":{"rendered":"https:\/\/prensapresidencialvenezuela.gob.ve\/?p=20489"},"modified":"2025-06-03T12:26:22","modified_gmt":"2025-06-03T16:26:22","slug":"nuevo-embajador-de-iran-en-venezuela-presenta-sus-cartas-credenciales","status":"publish","type":"post","link":"https:\/\/prensapresidencialvenezuela.gob.ve\/index.php\/2025\/06\/02\/nuevo-embajador-de-iran-en-venezuela-presenta-sus-cartas-credenciales\/","title":{"rendered":"Nuevo Embajador de Ir\u00e1n en Venezuela presenta sus cartas credenciales"},"content":{"rendered":"\n<p><strong>Palacio de Miraflores, Caracas.<\/strong> \u2013 Tras su designaci\u00f3n como Embajador Extraordinario y Plenipotenciario de la Rep\u00fablia Isl\u00e1mica de Ir\u00e1n, su excelencia Ali Chegini present\u00f3 este lunes 2 de mayo sus cartas credenciales al presidente de la Rep\u00fablica Bolivariana de Venezuela, Nicol\u00e1s Maduro Moros, en un acto protocolar desde el Palacio de Miraflores, en Caracas.<\/p>\n\n\n\n<p>Chegini es un experimentado diplom\u00e1tico de carrera al servicio de su naci\u00f3n. Es Licenciado en Econom\u00eda de la Universidad Imam Sadegh y posee un doctorado en en Ciencias Pol\u00edticas por la Universidad Suprema de la Defensa Nacional.<\/p>\n\n\n\n<p>Entre los cargos m\u00e1s destacados de su trayectoria figuran:&nbsp;<\/p>\n\n\n\n<p>&#8211; Embajador de Ir\u00e1n en India (2018-2022)<\/p>\n\n\n\n<p>&#8211; Embajador en Cuba (2011-2015)<\/p>\n\n\n\n<p>&#8211; Director General de Diplomacia Econ\u00f3mica (2022)<\/p>\n\n\n\n<p>&#8211; Director General de Asuntos Consulares (2015-2018)<\/p>\n\n\n\n<p>&#8211; Cumpli\u00f3 el Servicio Exterior como Ministro Consejero de la Embajada en Brun\u00e9i, entre 1994 y 1998, y en T\u00fcrkiye, entre 2000 y 2004.<\/p>\n\n\n\n<figure class=\"wp-block-gallery has-nested-images columns-default is-cropped wp-block-gallery-1 is-layout-flex wp-block-gallery-is-layout-flex\">\n<figure class=\"wp-block-image size-large\"><img fetchpriority=\"high\" decoding=\"async\" width=\"1024\" height=\"837\" data-id=\"20495\" src=\"https:\/\/prensapresidencialvenezuela.gob.ve\/wp-content\/uploads\/2025\/06\/04_ZC__3903_P-1024x837.jpg\" alt=\"\" class=\"wp-image-20495\" srcset=\"https:\/\/prensapresidencialvenezuela.gob.ve\/wp-content\/uploads\/2025\/06\/04_ZC__3903_P-1024x837.jpg 1024w, https:\/\/prensapresidencialvenezuela.gob.ve\/wp-content\/uploads\/2025\/06\/04_ZC__3903_P-300x245.jpg 300w, https:\/\/prensapresidencialvenezuela.gob.ve\/wp-content\/uploads\/2025\/06\/04_ZC__3903_P-768x628.jpg 768w, https:\/\/prensapresidencialvenezuela.gob.ve\/wp-content\/uploads\/2025\/06\/04_ZC__3903_P-1536x1255.jpg 1536w, https:\/\/prensapresidencialvenezuela.gob.ve\/wp-content\/uploads\/2025\/06\/04_ZC__3903_P-2048x1674.jpg 2048w\" sizes=\"(max-width: 1024px) 100vw, 1024px\" \/><\/figure>\n\n\n\n<figure class=\"wp-block-image size-large\"><img decoding=\"async\" width=\"1024\" height=\"943\" data-id=\"20496\" src=\"https:\/\/prensapresidencialvenezuela.gob.ve\/wp-content\/uploads\/2025\/06\/05_ZC__3909_P-1024x943.jpg\" alt=\"\" class=\"wp-image-20496\" srcset=\"https:\/\/prensapresidencialvenezuela.gob.ve\/wp-content\/uploads\/2025\/06\/05_ZC__3909_P-1024x943.jpg 1024w, https:\/\/prensapresidencialvenezuela.gob.ve\/wp-content\/uploads\/2025\/06\/05_ZC__3909_P-300x276.jpg 300w, https:\/\/prensapresidencialvenezuela.gob.ve\/wp-content\/uploads\/2025\/06\/05_ZC__3909_P-768x707.jpg 768w, https:\/\/prensapresidencialvenezuela.gob.ve\/wp-content\/uploads\/2025\/06\/05_ZC__3909_P-1536x1414.jpg 1536w, https:\/\/prensapresidencialvenezuela.gob.ve\/wp-content\/uploads\/2025\/06\/05_ZC__3909_P-2048x1886.jpg 2048w\" sizes=\"(max-width: 1024px) 100vw, 1024px\" \/><\/figure>\n\n\n\n<figure class=\"wp-block-image size-large\"><img decoding=\"async\" width=\"1024\" height=\"844\" data-id=\"20497\" src=\"https:\/\/prensapresidencialvenezuela.gob.ve\/wp-content\/uploads\/2025\/06\/06_ZC__3936_P-1-1024x844.jpg\" alt=\"\" class=\"wp-image-20497\" srcset=\"https:\/\/prensapresidencialvenezuela.gob.ve\/wp-content\/uploads\/2025\/06\/06_ZC__3936_P-1-1024x844.jpg 1024w, https:\/\/prensapresidencialvenezuela.gob.ve\/wp-content\/uploads\/2025\/06\/06_ZC__3936_P-1-300x247.jpg 300w, https:\/\/prensapresidencialvenezuela.gob.ve\/wp-content\/uploads\/2025\/06\/06_ZC__3936_P-1-768x633.jpg 768w, https:\/\/prensapresidencialvenezuela.gob.ve\/wp-content\/uploads\/2025\/06\/06_ZC__3936_P-1-1536x1266.jpg 1536w, https:\/\/prensapresidencialvenezuela.gob.ve\/wp-content\/uploads\/2025\/06\/06_ZC__3936_P-1-2048x1688.jpg 2048w\" sizes=\"(max-width: 1024px) 100vw, 1024px\" \/><\/figure>\n<\/figure>\n\n\n\n<p><strong>Prensa Presidencial\/ Iliana Rosales<\/strong><\/p>\n","protected":false},"excerpt":{"rendered":"<p>Palacio de Miraflores, Caracas. \u2013 Tras su designaci\u00f3n como Embajador Extraordinario y Plenipotenciario de la Rep\u00fablia Isl\u00e1mica de Ir\u00e1n, su excelencia Ali Chegini present\u00f3 este lunes 2 de mayo sus cartas credenciales al presidente de la Rep\u00fablica Bolivariana de Venezuela, Nicol\u00e1s Maduro Moros, en un acto protocolar desde el Palacio de Miraflores, en Caracas. Chegini [&hellip;]<\/p>\n","protected":false},"author":1,"featured_media":20508,"comment_status":"open","ping_status":"open","sticky":false,"template":"","format":"standard","meta":{"footnotes":""},"categories":[18,7,1],"tags":[],"class_list":["post-20489","post","type-post","status-publish","format-standard","has-post-thumbnail","hentry","category-noticias-principales","category-notas-de-prensa","category-sin-categoria"],"_links":{"self":[{"href":"https:\/\/prensapresidencialvenezuela.gob.ve\/index.php\/wp-json\/wp\/v2\/posts\/20489","targetHints":{"allow":["GET"]}}],"collection":[{"href":"https:\/\/prensapresidencialvenezuela.gob.ve\/index.php\/wp-json\/wp\/v2\/posts"}],"about":[{"href":"https:\/\/prensapresidencialvenezuela.gob.ve\/index.php\/wp-json\/wp\/v2\/types\/post"}],"author":[{"embeddable":true,"href":"https:\/\/prensapresidencialvenezuela.gob.ve\/index.php\/wp-json\/wp\/v2\/users\/1"}],"replies":[{"embeddable":true,"href":"https:\/\/prensapresidencialvenezuela.gob.ve\/index.php\/wp-json\/wp\/v2\/comments?post=20489"}],"version-history":[{"count":2,"href":"https:\/\/prensapresidencialvenezuela.gob.ve\/index.php\/wp-json\/wp\/v2\/posts\/20489\/revisions"}],"predecessor-version":[{"id":20552,"href":"https:\/\/prensapresidencialvenezuela.gob.ve\/index.php\/wp-json\/wp\/v2\/posts\/20489\/revisions\/20552"}],"wp:featuredmedia":[{"embeddable":true,"href":"https:\/\/prensapresidencialvenezuela.gob.ve\/index.php\/wp-json\/wp\/v2\/media\/20508"}],"wp:attachment":[{"href":"https:\/\/prensapresidencialvenezuela.gob.ve\/index.php\/wp-json\/wp\/v2\/media?parent=20489"}],"wp:term":[{"taxonomy":"category","embeddable":true,"href":"https:\/\/prensapresidencialvenezuela.gob.ve\/index.php\/wp-json\/wp\/v2\/categories?post=20489"},{"taxonomy":"post_tag","embeddable":true,"href":"https:\/\/prensapresidencialvenezuela.gob.ve\/index.php\/wp-json\/wp\/v2\/tags?post=20489"}],"curies":[{"name":"wp","href":"https:\/\/api.w.org\/{rel}","templated":true}]}}