{"id":20504,"date":"2025-06-02T19:22:50","date_gmt":"2025-06-02T23:22:50","guid":{"rendered":"https:\/\/prensapresidencialvenezuela.gob.ve\/?p=20504"},"modified":"2025-06-02T20:10:20","modified_gmt":"2025-06-03T00:10:20","slug":"venezuela-se-mantiene-en-vanguardia-y-avanzando-en-todos-los-frentes-de-batalla","status":"publish","type":"post","link":"https:\/\/prensapresidencialvenezuela.gob.ve\/index.php\/2025\/06\/02\/venezuela-se-mantiene-en-vanguardia-y-avanzando-en-todos-los-frentes-de-batalla\/","title":{"rendered":"Venezuela se mantiene en vanguardia y avanzando en todos los frentes de batalla"},"content":{"rendered":"\n<p><strong>Palacio de Miraflores, Caracas. \u2013<\/strong> Durante su programa habitual <em><strong>Con Maduro + N.\u00ba 81<\/strong><\/em>, el presidente de la Rep\u00fablica Bolivariana de Venezuela, Nicol\u00e1s Maduro Moros, resalt\u00f3 que hoy ya es oficial la Ley Org\u00e1nica del Plan de las 7 Transformaciones, \u00abpara avanzar en todos los frentes de batalla y construir junto al pueblo, nuevos consensos\u00bb.<\/p>\n\n\n\n<p>Asimismo, dijo que Venezuela est\u00e1 impuls\u00e1ndose hacia una estad\u00eda superior de la Uni\u00f3n Nacional, la uni\u00f3n de los que \u00abamamos a Venezuela. Unir a todo el que pueda ser unido para amar, para construir y crear la Venezuela potencia que est\u00e1 en nuestras manos, la que el pueblo quiere y construir\u00e1\u00bb.<\/p>\n\n\n\n<p>En este sentido, el jefe de Estado ha subrayado que esta semana ha estado cargada de fuerza, la de la esperanza; adem\u00e1s de indicar que esto fue demostrado el pasado 25 de mayo, cuando la fuerza expansiva de esa victoria que est\u00e1 en pleno desarrollo y concret\u00e1ndose mediante nuevos m\u00e9todos y planes acelerados del Poder Popular. &nbsp;<\/p>\n\n\n\n<blockquote class=\"wp-block-quote is-layout-flow wp-block-quote-is-layout-flow\">\n<p>Al mismo tiempo, el Presidente record\u00f3 la consigna que define el nuevo m\u00e9todo de gesti\u00f3n de las gobernaciones, que es la siguiente: \u00abMenos escritorio, m\u00e1s territorio, menos burocracia, m\u00e1s eficacia y democracia\u00bb.<\/p>\n<\/blockquote>\n\n\n\n<p>Por este motivo, el Dignatario Nacional instruy\u00f3 que se debe fortalecer el empoderamiento, el sistema pol\u00edtico, para \u00abtransformar y voltear como una media todas las gobernaciones\u00bb; por ello, solicit\u00f3 al pueblo venezolano todo el apoyo en los territorios.<\/p>\n\n\n\n<p>\u00abUstedes son los constructores, los facilitadores del nuevo poder que debe ir acompa\u00f1ado de un plan\u00bb, expres\u00f3 el L\u00edder de la Naci\u00f3n.<\/p>\n\n\n\n<p><strong>Prensa Presidencial\/ Irmary D\u00edaz<\/strong><\/p>\n","protected":false},"excerpt":{"rendered":"<p>Palacio de Miraflores, Caracas. \u2013 Durante su programa habitual Con Maduro + N.\u00ba 81, el presidente de la Rep\u00fablica Bolivariana de Venezuela, Nicol\u00e1s Maduro Moros, resalt\u00f3 que hoy ya es oficial la Ley Org\u00e1nica del Plan de las 7 Transformaciones, \u00abpara avanzar en todos los frentes de batalla y construir junto al pueblo, nuevos consensos\u00bb. [&hellip;]<\/p>\n","protected":false},"author":15,"featured_media":20507,"comment_status":"open","ping_status":"open","sticky":false,"template":"","format":"standard","meta":{"footnotes":""},"categories":[18,7],"tags":[],"class_list":["post-20504","post","type-post","status-publish","format-standard","has-post-thumbnail","hentry","category-noticias-principales","category-notas-de-prensa"],"_links":{"self":[{"href":"https:\/\/prensapresidencialvenezuela.gob.ve\/index.php\/wp-json\/wp\/v2\/posts\/20504","targetHints":{"allow":["GET"]}}],"collection":[{"href":"https:\/\/prensapresidencialvenezuela.gob.ve\/index.php\/wp-json\/wp\/v2\/posts"}],"about":[{"href":"https:\/\/prensapresidencialvenezuela.gob.ve\/index.php\/wp-json\/wp\/v2\/types\/post"}],"author":[{"embeddable":true,"href":"https:\/\/prensapresidencialvenezuela.gob.ve\/index.php\/wp-json\/wp\/v2\/users\/15"}],"replies":[{"embeddable":true,"href":"https:\/\/prensapresidencialvenezuela.gob.ve\/index.php\/wp-json\/wp\/v2\/comments?post=20504"}],"version-history":[{"count":2,"href":"https:\/\/prensapresidencialvenezuela.gob.ve\/index.php\/wp-json\/wp\/v2\/posts\/20504\/revisions"}],"predecessor-version":[{"id":20515,"href":"https:\/\/prensapresidencialvenezuela.gob.ve\/index.php\/wp-json\/wp\/v2\/posts\/20504\/revisions\/20515"}],"wp:featuredmedia":[{"embeddable":true,"href":"https:\/\/prensapresidencialvenezuela.gob.ve\/index.php\/wp-json\/wp\/v2\/media\/20507"}],"wp:attachment":[{"href":"https:\/\/prensapresidencialvenezuela.gob.ve\/index.php\/wp-json\/wp\/v2\/media?parent=20504"}],"wp:term":[{"taxonomy":"category","embeddable":true,"href":"https:\/\/prensapresidencialvenezuela.gob.ve\/index.php\/wp-json\/wp\/v2\/categories?post=20504"},{"taxonomy":"post_tag","embeddable":true,"href":"https:\/\/prensapresidencialvenezuela.gob.ve\/index.php\/wp-json\/wp\/v2\/tags?post=20504"}],"curies":[{"name":"wp","href":"https:\/\/api.w.org\/{rel}","templated":true}]}}