{"id":20518,"date":"2025-06-02T20:26:36","date_gmt":"2025-06-03T00:26:36","guid":{"rendered":"https:\/\/prensapresidencialvenezuela.gob.ve\/?p=20518"},"modified":"2025-06-02T20:26:36","modified_gmt":"2025-06-03T00:26:36","slug":"efectuaran-taller-estrategico-de-planificacion-de-las-aca-2030-para-la-profundizacion-de-la-revolucion","status":"publish","type":"post","link":"https:\/\/prensapresidencialvenezuela.gob.ve\/index.php\/2025\/06\/02\/efectuaran-taller-estrategico-de-planificacion-de-las-aca-2030-para-la-profundizacion-de-la-revolucion\/","title":{"rendered":"Efectuar\u00e1n Taller Estrat\u00e9gico de Planificaci\u00f3n de las ACA 2030, para la profundizaci\u00f3n de la Revoluci\u00f3n"},"content":{"rendered":"\n<p><strong>Palacio de Miraflores, Caracas. \u2013 <\/strong>El presidente de la Rep\u00fablica Bolivariana de Venezuela, Nicol\u00e1s Maduro Moros, inform\u00f3 durante su programa <strong><em>Con Maduro +, <\/em><\/strong>que el pr\u00f3ximo fin de semana se realizar\u00e1 el Taller Estrat\u00e9gico de Planificaci\u00f3n de las Agendas Concretas de Acci\u00f3n (ACA) 2030.<\/p>\n\n\n\n<p>En este orden de ideas, el jefe de Estado enfatiz\u00f3 que todos los gobernadores y las gobernadoras del pa\u00eds deben tener sus ACA 2030; esta como un m\u00e9todo para la construcci\u00f3n de una gesti\u00f3n que tenga m\u00e1s contacto con el pueblo.<\/p>\n\n\n\n<blockquote class=\"wp-block-quote is-layout-flow wp-block-quote-is-layout-flow\">\n<p>\u00abNosotros vamos a una aceleraci\u00f3n y a una profundizaci\u00f3n de la Revoluci\u00f3n en lo democr\u00e1tico, en lo popular, en el empoderamiento de la gente, en la transformaci\u00f3n de los presupuestos, en la capacidad de eficacia, en la atenci\u00f3n y soluci\u00f3n de los problemas y necesidades del pueblo\u00bb, subray\u00f3 el Presidente.<\/p>\n<\/blockquote>\n\n\n\n<p>Por otra parte, ha indicado que el pueblo venezolano, en sus territorios tienen su mapa de sue\u00f1os, que \u00abes lo m\u00e1s hermoso que hay ahora, pasar de la cartograf\u00eda social al mapa de construcci\u00f3n\u00bb, ya que con esta acci\u00f3n se tendr\u00e1 una visi\u00f3n de \u00bfc\u00f3mo debe ser cada comunidad, de aqu\u00ed al 2030, del 2030 al 2040, del 2040 al 2054?, cuando la Revoluci\u00f3n est\u00e9 conmemorando los 100 a\u00f1os del comandante Hugo Rafael Ch\u00e1vez Fr\u00edas.<\/p>\n\n\n\n<p>En esa l\u00ednea, el Mandatario Nacional destac\u00f3 que hoy, Venezuela ya tiene un pensamiento claro de lo que debe ser la Patria, una Patria con planes perfeccionados, acertados y pertinentes con la realidad nacional.<\/p>\n\n\n\n<p>\u00abHoy tenemos un pueblo cada vez m\u00e1s empoderado, consciente, adem\u00e1s de victorioso y moralizado, porque sabe que tiene el poder\u00bb, precis\u00f3.<\/p>\n\n\n\n<p>Finalmente, el Presidente Maduro reiter\u00f3 una vez m\u00e1s que la Naci\u00f3n se encuentra en el mejor momento para avanzar y consolidar la paz con la soberan\u00eda, igualdad, democracia directa y justicia social; pero sobre todo, con un pueblo vivo y que se autogobierna.<\/p>\n\n\n\n<p><strong>Prensa Presidencial\/ Irmary D\u00edaz<\/strong><\/p>\n","protected":false},"excerpt":{"rendered":"<p>Palacio de Miraflores, Caracas. \u2013 El presidente de la Rep\u00fablica Bolivariana de Venezuela, Nicol\u00e1s Maduro Moros, inform\u00f3 durante su programa Con Maduro +, que el pr\u00f3ximo fin de semana se realizar\u00e1 el Taller Estrat\u00e9gico de Planificaci\u00f3n de las Agendas Concretas de Acci\u00f3n (ACA) 2030. En este orden de ideas, el jefe de Estado enfatiz\u00f3 que [&hellip;]<\/p>\n","protected":false},"author":1,"featured_media":20519,"comment_status":"open","ping_status":"open","sticky":false,"template":"","format":"standard","meta":{"footnotes":""},"categories":[18,7],"tags":[],"class_list":["post-20518","post","type-post","status-publish","format-standard","has-post-thumbnail","hentry","category-noticias-principales","category-notas-de-prensa"],"_links":{"self":[{"href":"https:\/\/prensapresidencialvenezuela.gob.ve\/index.php\/wp-json\/wp\/v2\/posts\/20518","targetHints":{"allow":["GET"]}}],"collection":[{"href":"https:\/\/prensapresidencialvenezuela.gob.ve\/index.php\/wp-json\/wp\/v2\/posts"}],"about":[{"href":"https:\/\/prensapresidencialvenezuela.gob.ve\/index.php\/wp-json\/wp\/v2\/types\/post"}],"author":[{"embeddable":true,"href":"https:\/\/prensapresidencialvenezuela.gob.ve\/index.php\/wp-json\/wp\/v2\/users\/1"}],"replies":[{"embeddable":true,"href":"https:\/\/prensapresidencialvenezuela.gob.ve\/index.php\/wp-json\/wp\/v2\/comments?post=20518"}],"version-history":[{"count":1,"href":"https:\/\/prensapresidencialvenezuela.gob.ve\/index.php\/wp-json\/wp\/v2\/posts\/20518\/revisions"}],"predecessor-version":[{"id":20520,"href":"https:\/\/prensapresidencialvenezuela.gob.ve\/index.php\/wp-json\/wp\/v2\/posts\/20518\/revisions\/20520"}],"wp:featuredmedia":[{"embeddable":true,"href":"https:\/\/prensapresidencialvenezuela.gob.ve\/index.php\/wp-json\/wp\/v2\/media\/20519"}],"wp:attachment":[{"href":"https:\/\/prensapresidencialvenezuela.gob.ve\/index.php\/wp-json\/wp\/v2\/media?parent=20518"}],"wp:term":[{"taxonomy":"category","embeddable":true,"href":"https:\/\/prensapresidencialvenezuela.gob.ve\/index.php\/wp-json\/wp\/v2\/categories?post=20518"},{"taxonomy":"post_tag","embeddable":true,"href":"https:\/\/prensapresidencialvenezuela.gob.ve\/index.php\/wp-json\/wp\/v2\/tags?post=20518"}],"curies":[{"name":"wp","href":"https:\/\/api.w.org\/{rel}","templated":true}]}}