{"id":20521,"date":"2025-06-02T20:47:19","date_gmt":"2025-06-03T00:47:19","guid":{"rendered":"https:\/\/prensapresidencialvenezuela.gob.ve\/?p=20521"},"modified":"2025-06-02T20:47:19","modified_gmt":"2025-06-03T00:47:19","slug":"enterate-conoce-los-diputados-electos-este-domingo-por-los-pueblos-indigenas","status":"publish","type":"post","link":"https:\/\/prensapresidencialvenezuela.gob.ve\/index.php\/2025\/06\/02\/enterate-conoce-los-diputados-electos-este-domingo-por-los-pueblos-indigenas\/","title":{"rendered":"#Ent\u00e9rate: Conoce los diputados electos este domingo por los pueblos ind\u00edgenas"},"content":{"rendered":"\n<p><strong>Palacio de Miraflores, Caracas.-  <\/strong>Este domingo 1 de junio, los pueblos originarios de Venezuela eligieron bajo sus costumbres milenarias, tres diputados a la Asamblea Nacional, tal y como lo establece la Constituci\u00f3n Bolivariana de Venezuela. Los nombres de los representantes parlamentarios triunfantes, fueron dados a conocer por el mandatario nacional en la edici\u00f3n 81 de su programa Con Maduro+.<\/p>\n\n\n\n<p>\u00abEsas costumbres milenarias, adem\u00e1s, combinadas con el sistema electoral automatizado y tecnol\u00f3gico m\u00e1s avanzado del mundo, permitieron a los pueblos &nbsp;ind\u00edgenas elegir a sus diputados y diputadas de la Asamblea Nacional\u00bb, dijo el Mandatario Nacional.<\/p>\n\n\n\n<p>\u00abYo les voy a dar un tubazo aqu\u00ed al CNE, si me lo permiten. Y me informan que los pueblos ind\u00edgenas del occidente, el sur y el oriente de Venezuela han elegido como diputada del occidente, a la compa\u00f1era ind\u00edgena wayu\u00fa Arly Gonz\u00e1lez, el d\u00eda de ayer\u00bb, detall\u00f3, precisando que Gonz\u00e1lez es una luchadora de muchos a\u00f1os.<\/p>\n\n\n\n<p>Por otro lado, indic\u00f3 que por la zona sur del pa\u00eds fue electa como diputada Yesenia Gonz\u00e1lez, del pueblo pum\u00e9. \u00abGente joven, gente con experiencia, pero bien joven\u00bb, dijo, tras mencionar la segunda representante de los pueblos originarios.<\/p>\n\n\n\n<p>Finalmente, por la zona del oriente del pa\u00eds, fue electo Pedro Requena, de la comunidad kari\u00f1a y del sur de Anzo\u00e1tegui. \u00abVenezuela es ejemplo de justicia, democracia e inclusi\u00f3n\u00bb, asegur\u00f3 el presidente Maduro.<\/p>\n\n\n\n<p><strong>Respetamos a la oposici\u00f3n<\/strong><\/p>\n\n\n\n<p>El jefe de Estado aprovech\u00f3 para recordar que la Revoluci\u00f3n Bolivariana, tras la victoria del 25 de mayo, realiz\u00f3 una movilizaci\u00f3n este s\u00e1bado para celebrar no solo un triunfo electoral, sino la paz y la estabilidad de la naci\u00f3n.<\/p>\n\n\n\n<p>\u00abEl pueblo ha celebrado en las calles el triunfo de la paz, la estabilidad y que lo que viene es mejor. La gente sabe que lo que viene es mejor con el gran triunfo que hemos tenido\u00bb, sostuvo.<\/p>\n\n\n\n<p>Record\u00f3 que, con el triunfo, no desconoce a la oposici\u00f3n, sino que la respeta. \u00abLa oposici\u00f3n existe. Ahora el opositor de a pie sabe, sabe que nosotros lo respetamos, que nosotros nunca le hemos mentido y que con nosotros le va a ir bien\u00bb, dijo.<\/p>\n\n\n\n<p><strong>Prensa Presidencial \/Iliana Rosales<\/strong><\/p>\n","protected":false},"excerpt":{"rendered":"<p>Palacio de Miraflores, Caracas.- Este domingo 1 de junio, los pueblos originarios de Venezuela eligieron bajo sus costumbres milenarias, tres diputados a la Asamblea Nacional, tal y como lo establece la Constituci\u00f3n Bolivariana de Venezuela. Los nombres de los representantes parlamentarios triunfantes, fueron dados a conocer por el mandatario nacional en la edici\u00f3n 81 de [&hellip;]<\/p>\n","protected":false},"author":1,"featured_media":20522,"comment_status":"open","ping_status":"open","sticky":false,"template":"","format":"standard","meta":{"footnotes":""},"categories":[18,7],"tags":[],"class_list":["post-20521","post","type-post","status-publish","format-standard","has-post-thumbnail","hentry","category-noticias-principales","category-notas-de-prensa"],"_links":{"self":[{"href":"https:\/\/prensapresidencialvenezuela.gob.ve\/index.php\/wp-json\/wp\/v2\/posts\/20521","targetHints":{"allow":["GET"]}}],"collection":[{"href":"https:\/\/prensapresidencialvenezuela.gob.ve\/index.php\/wp-json\/wp\/v2\/posts"}],"about":[{"href":"https:\/\/prensapresidencialvenezuela.gob.ve\/index.php\/wp-json\/wp\/v2\/types\/post"}],"author":[{"embeddable":true,"href":"https:\/\/prensapresidencialvenezuela.gob.ve\/index.php\/wp-json\/wp\/v2\/users\/1"}],"replies":[{"embeddable":true,"href":"https:\/\/prensapresidencialvenezuela.gob.ve\/index.php\/wp-json\/wp\/v2\/comments?post=20521"}],"version-history":[{"count":1,"href":"https:\/\/prensapresidencialvenezuela.gob.ve\/index.php\/wp-json\/wp\/v2\/posts\/20521\/revisions"}],"predecessor-version":[{"id":20523,"href":"https:\/\/prensapresidencialvenezuela.gob.ve\/index.php\/wp-json\/wp\/v2\/posts\/20521\/revisions\/20523"}],"wp:featuredmedia":[{"embeddable":true,"href":"https:\/\/prensapresidencialvenezuela.gob.ve\/index.php\/wp-json\/wp\/v2\/media\/20522"}],"wp:attachment":[{"href":"https:\/\/prensapresidencialvenezuela.gob.ve\/index.php\/wp-json\/wp\/v2\/media?parent=20521"}],"wp:term":[{"taxonomy":"category","embeddable":true,"href":"https:\/\/prensapresidencialvenezuela.gob.ve\/index.php\/wp-json\/wp\/v2\/categories?post=20521"},{"taxonomy":"post_tag","embeddable":true,"href":"https:\/\/prensapresidencialvenezuela.gob.ve\/index.php\/wp-json\/wp\/v2\/tags?post=20521"}],"curies":[{"name":"wp","href":"https:\/\/api.w.org\/{rel}","templated":true}]}}