{"id":20525,"date":"2025-06-02T21:09:08","date_gmt":"2025-06-03T01:09:08","guid":{"rendered":"https:\/\/prensapresidencialvenezuela.gob.ve\/?p=20525"},"modified":"2025-06-02T21:17:46","modified_gmt":"2025-06-03T01:17:46","slug":"ee-uu-es-un-territorio-donde-no-existen-dd-hh-para-migrantes-y-viajeros-asevero-el-jefe-de-estado","status":"publish","type":"post","link":"https:\/\/prensapresidencialvenezuela.gob.ve\/index.php\/2025\/06\/02\/ee-uu-es-un-territorio-donde-no-existen-dd-hh-para-migrantes-y-viajeros-asevero-el-jefe-de-estado\/","title":{"rendered":"\u00abEE.UU. es un territorio donde no existen DD.HH. para migrantes y viajeros\u00bb, asever\u00f3 el jefe de Estado"},"content":{"rendered":"\n<p><strong>Palacio de Miraflores, Caracas. \u2013 \u00ab<\/strong>Apoyo completamente el pronunciamiento y el llamado de la Canciller\u00eda de la Rep\u00fablica Bolivariana de Venezuela, alertando a todos nuestros connacionales a no viajar a los Estados Unidos (EE.UU.), y los que se encuentren en los EE.UU. a regresar de inmediato a esta tierra de paz y de armon\u00eda que es Venezuela\u00bb, asever\u00f3 el jefe de Estado.<\/p>\n\n\n\n<figure class=\"wp-block-embed is-type-video is-provider-youtube wp-block-embed-youtube wp-embed-aspect-16-9 wp-has-aspect-ratio\"><div class=\"wp-block-embed__wrapper\">\n<iframe title=\"#Comunicado | Alerta m\u00e1xima de viaje para todos los compatriotas venezolanos\" width=\"640\" height=\"360\" src=\"https:\/\/www.youtube.com\/embed\/ENb_Yyb0I60?feature=oembed\" frameborder=\"0\" allow=\"accelerometer; autoplay; clipboard-write; encrypted-media; gyroscope; picture-in-picture; web-share\" referrerpolicy=\"strict-origin-when-cross-origin\" allowfullscreen><\/iframe>\n<\/div><\/figure>\n\n\n\n<blockquote class=\"wp-block-quote is-layout-flow wp-block-quote-is-layout-flow\">\n<p>\u00abEstados Unidos es un territorio donde no existen DD.HH. para migrantes y viajeros\u00bb, precis\u00f3.<\/p>\n<\/blockquote>\n\n\n\n<p>Asimismo, insisti\u00f3 en que Venezuela aboga por los Derechos Humanos (DD.HH.) de los migrantes de Am\u00e9rica Latina, el Caribe y del mundo, y no solo por el de los venezolanos que est\u00e1n siendo perseguidos en las calles, en las escuelas, en los hospitales de los Estados Unidos, adem\u00e1s de estar siendo golpeados y desaparecidos.<\/p>\n\n\n\n<p>En este contexto, el Dignatario Nacional hizo un recuento de un video que est\u00e1 circulando en las redes sociales, y en el que se puede ver a una ciudadana chilena que estaba caminando por las calles de Nueva York junto a su hija, y la agarr\u00f3 autoridades norteamericanas.<\/p>\n\n\n\n<p>\u00abNo les import\u00f3 que estuviera con su hija y que se quedara en las calles abandonada\u00bb, expres\u00f3 con mucho \u00e9nfasis el Mandatario venezolano.<\/p>\n\n\n\n<p>Por esta raz\u00f3n, el L\u00edder de la Rep\u00fablica Bolivariana de Venezuela record\u00f3 que los migrantes que han regresado estuvieron un a\u00f1o y medio en una c\u00e1rcel sin haber cometido delitos; por lo que subray\u00f3 que \u00abmigrar no es un delito, migrar no es un crimen, lo que s\u00ed es un crimen, es secuestrar a alguien\u00bb. &nbsp;<\/p>\n\n\n\n<p><strong>Prensa Presidencial\/ Irmary D\u00edaz<\/strong><\/p>\n","protected":false},"excerpt":{"rendered":"<p>Palacio de Miraflores, Caracas. \u2013 \u00abApoyo completamente el pronunciamiento y el llamado de la Canciller\u00eda de la Rep\u00fablica Bolivariana de Venezuela, alertando a todos nuestros connacionales a no viajar a los Estados Unidos (EE.UU.), y los que se encuentren en los EE.UU. a regresar de inmediato a esta tierra de paz y de armon\u00eda que [&hellip;]<\/p>\n","protected":false},"author":1,"featured_media":20527,"comment_status":"open","ping_status":"open","sticky":false,"template":"","format":"standard","meta":{"footnotes":""},"categories":[18,7,1],"tags":[],"class_list":["post-20525","post","type-post","status-publish","format-standard","has-post-thumbnail","hentry","category-noticias-principales","category-notas-de-prensa","category-sin-categoria"],"_links":{"self":[{"href":"https:\/\/prensapresidencialvenezuela.gob.ve\/index.php\/wp-json\/wp\/v2\/posts\/20525","targetHints":{"allow":["GET"]}}],"collection":[{"href":"https:\/\/prensapresidencialvenezuela.gob.ve\/index.php\/wp-json\/wp\/v2\/posts"}],"about":[{"href":"https:\/\/prensapresidencialvenezuela.gob.ve\/index.php\/wp-json\/wp\/v2\/types\/post"}],"author":[{"embeddable":true,"href":"https:\/\/prensapresidencialvenezuela.gob.ve\/index.php\/wp-json\/wp\/v2\/users\/1"}],"replies":[{"embeddable":true,"href":"https:\/\/prensapresidencialvenezuela.gob.ve\/index.php\/wp-json\/wp\/v2\/comments?post=20525"}],"version-history":[{"count":3,"href":"https:\/\/prensapresidencialvenezuela.gob.ve\/index.php\/wp-json\/wp\/v2\/posts\/20525\/revisions"}],"predecessor-version":[{"id":20529,"href":"https:\/\/prensapresidencialvenezuela.gob.ve\/index.php\/wp-json\/wp\/v2\/posts\/20525\/revisions\/20529"}],"wp:featuredmedia":[{"embeddable":true,"href":"https:\/\/prensapresidencialvenezuela.gob.ve\/index.php\/wp-json\/wp\/v2\/media\/20527"}],"wp:attachment":[{"href":"https:\/\/prensapresidencialvenezuela.gob.ve\/index.php\/wp-json\/wp\/v2\/media?parent=20525"}],"wp:term":[{"taxonomy":"category","embeddable":true,"href":"https:\/\/prensapresidencialvenezuela.gob.ve\/index.php\/wp-json\/wp\/v2\/categories?post=20525"},{"taxonomy":"post_tag","embeddable":true,"href":"https:\/\/prensapresidencialvenezuela.gob.ve\/index.php\/wp-json\/wp\/v2\/tags?post=20525"}],"curies":[{"name":"wp","href":"https:\/\/api.w.org\/{rel}","templated":true}]}}