{"id":20530,"date":"2025-06-02T21:42:57","date_gmt":"2025-06-03T01:42:57","guid":{"rendered":"https:\/\/prensapresidencialvenezuela.gob.ve\/?p=20530"},"modified":"2025-06-02T21:46:39","modified_gmt":"2025-06-03T01:46:39","slug":"venezuela-impulsa-la-sustitucion-de-importaciones-y-fortalece-alianzas-globales-en-energia","status":"publish","type":"post","link":"https:\/\/prensapresidencialvenezuela.gob.ve\/index.php\/2025\/06\/02\/venezuela-impulsa-la-sustitucion-de-importaciones-y-fortalece-alianzas-globales-en-energia\/","title":{"rendered":"Venezuela impulsa la sustituci\u00f3n de importaciones y fortalece alianzas globales en energ\u00eda\u00a0"},"content":{"rendered":"\n<p><strong>Palacio de Miraflores, Caracas.-<\/strong> &nbsp;El presidente de la Rep\u00fablica Bolivariana de Venezuela, Nicol\u00e1s Maduro, anunci\u00f3 importantes avances en la sustituci\u00f3n de importaciones, la consolidaci\u00f3n de mecanismos de coordinaci\u00f3n OPEP+ y la adhesi\u00f3n del pa\u00eds a la Organizaci\u00f3n Internacional para la Mediaci\u00f3n (OIMed), promovida por China.<\/p>\n\n\n\n<p>Durante la edici\u00f3n n\u00famero 81 de su programa Con Maduro+, record\u00f3 que Venezuela firm\u00f3 en Hong Kong, junto a 33 pa\u00edses y con la presencia de 90 naciones, la creaci\u00f3n de una Organizaci\u00f3n Internacional para la Mediaci\u00f3n.<\/p>\n\n\n\n<p>\u00abEs una gran noticia para el futuro de la humanidad. Esta organizaci\u00f3n permitir\u00e1 mediar en conflictos comerciales, pol\u00edticos y sociales, bajo los principios de respeto y autodeterminaci\u00f3n\u00bb, afirm\u00f3.&nbsp;<\/p>\n\n\n\n<p>El mandatario se\u00f1al\u00f3 que la Asamblea Nacional, bajo la presidencia de Jorge Rodr\u00edguez, debatir\u00e1 la ratificaci\u00f3n de esta adhesi\u00f3n, lo que podr\u00eda convertir a Venezuela en el primer pa\u00eds del mundo en aprobarla como ley.&nbsp;<\/p>\n\n\n\n<p><strong>Estabilidad petrolera<\/strong><\/p>\n\n\n\n<p>El jefe de Estado record\u00f3 el papel protag\u00f3nico de Venezuela en la creaci\u00f3n de la OPEP+, alianza que ha garantizado precios justos, estabilidad en el mercado e inversiones.&nbsp;<\/p>\n\n\n\n<p>\u00abEstoy enviando una carta para ajustar los mecanismos de coordinaci\u00f3n y proyectar una estrategia que asegure ganancias para las empresas petroleras, reposici\u00f3n de inversiones y precios equilibrados\u00bb, dijo.<\/p>\n\n\n\n<p>Por otro lado, reafirm\u00f3 que Venezuela no depende de licencias extranjeras para producir y echar adelante la industria petrolera. \u201cP\u00f3ngale o qu\u00edtele lo que quieran, el petr\u00f3leo venezolano seguir\u00e1 creciendo con pulm\u00f3n propio\u00bb, asegur\u00f3.<\/p>\n\n\n\n<p><strong>Sustituci\u00f3n de importaciones<\/strong><\/p>\n\n\n\n<p>El presidente nuevamente insisti\u00f3 a todos los sectores productivos nacionales,&nbsp; en la necesidad de impulsar a\u00fan m\u00e1s la sustituci\u00f3n de importaciones, a los fines de consolidar el nuevo modelo econ\u00f3mico productivo.&nbsp;&nbsp;<\/p>\n\n\n\n<blockquote class=\"wp-block-quote is-layout-flow wp-block-quote-is-layout-flow\">\n<p>\u00abTenemos con qu\u00e9 hacerlo. Ya se ha demostrado: debemos romper dependencias, reducir importaciones suntuarias al m\u00ednimo y producir todo en Venezuela\u00bb, arguy\u00f3, exhortando a los 13 motores productivos de la Agenda Econ\u00f3mica Bolivariana a cumplir con este objetivo.&nbsp;<\/p>\n<\/blockquote>\n\n\n\n<p>A pesar que agradeci\u00f3 el crecimiento de los 13 motores econ\u00f3micos, especialmente el Motor Hidrocarburos, que hoy produce 1,1 millones de barriles diarios, inst\u00f3 a seguir trabajando para no depender del petr\u00f3leo.<\/p>\n\n\n\n<p><strong>Exportaciones no tradicionales<\/strong><\/p>\n\n\n\n<p>Como ejemplo de la diversificaci\u00f3n, resalt\u00f3 la segunda exportaci\u00f3n de caf\u00e9 verde desde las comunas de Lara hacia Italia y EE.UU., demostrando que el pa\u00eds puede generar divisas m\u00e1s all\u00e1 de la renta petrolera.&nbsp;<\/p>\n\n\n\n<p>\u00abEl gran beneficio es que los ingresos lleguen directamente a los productores (\u2026) y que se fortalezca la ruta exportadora\u00bb, se\u00f1al\u00f3.&nbsp;<\/p>\n\n\n\n<p><strong>Prensa Presidencial \/ Iliana Rosales<\/strong><\/p>\n","protected":false},"excerpt":{"rendered":"<p>Palacio de Miraflores, Caracas.- &nbsp;El presidente de la Rep\u00fablica Bolivariana de Venezuela, Nicol\u00e1s Maduro, anunci\u00f3 importantes avances en la sustituci\u00f3n de importaciones, la consolidaci\u00f3n de mecanismos de coordinaci\u00f3n OPEP+ y la adhesi\u00f3n del pa\u00eds a la Organizaci\u00f3n Internacional para la Mediaci\u00f3n (OIMed), promovida por China. Durante la edici\u00f3n n\u00famero 81 de su programa Con Maduro+, [&hellip;]<\/p>\n","protected":false},"author":1,"featured_media":20534,"comment_status":"open","ping_status":"open","sticky":false,"template":"","format":"standard","meta":{"footnotes":""},"categories":[18,7],"tags":[],"class_list":["post-20530","post","type-post","status-publish","format-standard","has-post-thumbnail","hentry","category-noticias-principales","category-notas-de-prensa"],"_links":{"self":[{"href":"https:\/\/prensapresidencialvenezuela.gob.ve\/index.php\/wp-json\/wp\/v2\/posts\/20530","targetHints":{"allow":["GET"]}}],"collection":[{"href":"https:\/\/prensapresidencialvenezuela.gob.ve\/index.php\/wp-json\/wp\/v2\/posts"}],"about":[{"href":"https:\/\/prensapresidencialvenezuela.gob.ve\/index.php\/wp-json\/wp\/v2\/types\/post"}],"author":[{"embeddable":true,"href":"https:\/\/prensapresidencialvenezuela.gob.ve\/index.php\/wp-json\/wp\/v2\/users\/1"}],"replies":[{"embeddable":true,"href":"https:\/\/prensapresidencialvenezuela.gob.ve\/index.php\/wp-json\/wp\/v2\/comments?post=20530"}],"version-history":[{"count":1,"href":"https:\/\/prensapresidencialvenezuela.gob.ve\/index.php\/wp-json\/wp\/v2\/posts\/20530\/revisions"}],"predecessor-version":[{"id":20532,"href":"https:\/\/prensapresidencialvenezuela.gob.ve\/index.php\/wp-json\/wp\/v2\/posts\/20530\/revisions\/20532"}],"wp:featuredmedia":[{"embeddable":true,"href":"https:\/\/prensapresidencialvenezuela.gob.ve\/index.php\/wp-json\/wp\/v2\/media\/20534"}],"wp:attachment":[{"href":"https:\/\/prensapresidencialvenezuela.gob.ve\/index.php\/wp-json\/wp\/v2\/media?parent=20530"}],"wp:term":[{"taxonomy":"category","embeddable":true,"href":"https:\/\/prensapresidencialvenezuela.gob.ve\/index.php\/wp-json\/wp\/v2\/categories?post=20530"},{"taxonomy":"post_tag","embeddable":true,"href":"https:\/\/prensapresidencialvenezuela.gob.ve\/index.php\/wp-json\/wp\/v2\/tags?post=20530"}],"curies":[{"name":"wp","href":"https:\/\/api.w.org\/{rel}","templated":true}]}}