{"id":20537,"date":"2025-06-02T22:32:50","date_gmt":"2025-06-03T02:32:50","guid":{"rendered":"https:\/\/prensapresidencialvenezuela.gob.ve\/?p=20537"},"modified":"2025-06-02T22:32:50","modified_gmt":"2025-06-03T02:32:50","slug":"lider-venezolano-exhorta-a-los-pueblos-del-mundo-a-levantar-un-poderoso-movimiento-contra-el-guerrerismo-y-el-militarismo","status":"publish","type":"post","link":"https:\/\/prensapresidencialvenezuela.gob.ve\/index.php\/2025\/06\/02\/lider-venezolano-exhorta-a-los-pueblos-del-mundo-a-levantar-un-poderoso-movimiento-contra-el-guerrerismo-y-el-militarismo\/","title":{"rendered":"L\u00edder venezolano exhorta a los pueblos del mundo a levantar un poderoso movimiento contra el guerrerismo y el militarismo"},"content":{"rendered":"\n<p><strong>Palacio de Miraflores, Caracas. \u2013 \u00ab<\/strong>Yo llamo a la humanidad, a quien pueda escuchar nuestro mensaje, a levantar un poderoso movimiento social y popular en Europa y en todos los pa\u00edses contra el guerrerismo y el militarismo\u00bb, exhort\u00f3 el presidente de la Rep\u00fablica Bolivariana de Venezuela, Nicol\u00e1s Maduro Moros, para referirse a las recientes declaraciones que emiti\u00f3 primer ministro brit\u00e1nico, Keir Starmer sobre que ellos est\u00e1n avanzando en la preparaci\u00f3n para la guerra.<\/p>\n\n\n\n<p>En estas declaraciones el Primer Ministro tambi\u00e9n dijo que aplicar\u00e1n el mayor aumento del gasto en defensa desde el final de la Guerra Fr\u00eda, y que \u00abel Gobierno adoptar\u00e1 una postura de la Organizaci\u00f3n del Tratado del Atl\u00e1ntico Norte (OTAN), la cual ser\u00e1 parte fundamental de la fuerza estrat\u00e9gica\u00bb.<\/p>\n\n\n\n<p>Por esta raz\u00f3n, el Mandatario venezolano asever\u00f3 que Keir Starmer habla en nombre una \u00e9lite totalmente decadente y desgastada de los negocios que \u00abellos hacen en base a la fabricaci\u00f3n de armas\u00bb.&nbsp;&nbsp;<\/p>\n\n\n\n<p>Adem\u00e1s, se realiz\u00f3 las siguientes interrogantes: \u00bfPuede estar en sus cabales un Primer Ministro de un pa\u00eds tan poderoso como La Gran Breta\u00f1a, hablando que se est\u00e1 preparando para una guerra?, \u00bfes \u00e9tico, es moral, hablar que quiero una guerra?, \u00bfla humanidad necesita m\u00e1s guerra?, respondiendo, que por este motivo, insta al pueblo brit\u00e1nico, de Londres, de Liverpool y de todas partes de La Gran Breta\u00f1a, a responder a este llamado desesperado y enloquecido de Starmer convocando a una guerra.<\/p>\n\n\n\n<p>Para finalizar, el Dignatario venezolano y defensor de la paz en Venezuela y el mundo, exclam\u00f3: \u00abDesde Venezuela decimos, no m\u00e1s guerra, la humanidad necesita paz, es una loquera que Europa est\u00e9 hablando de guerra. No a la guerra, si a la paz y a la justicia, si al mundo multipolar\u00bb.<\/p>\n\n\n\n<p><strong>Prensa Presidencial\/ Irmary D\u00edaz&nbsp;<\/strong><\/p>\n","protected":false},"excerpt":{"rendered":"<p>Palacio de Miraflores, Caracas. \u2013 \u00abYo llamo a la humanidad, a quien pueda escuchar nuestro mensaje, a levantar un poderoso movimiento social y popular en Europa y en todos los pa\u00edses contra el guerrerismo y el militarismo\u00bb, exhort\u00f3 el presidente de la Rep\u00fablica Bolivariana de Venezuela, Nicol\u00e1s Maduro Moros, para referirse a las recientes declaraciones [&hellip;]<\/p>\n","protected":false},"author":1,"featured_media":20538,"comment_status":"open","ping_status":"open","sticky":false,"template":"","format":"standard","meta":{"footnotes":""},"categories":[18,7],"tags":[],"class_list":["post-20537","post","type-post","status-publish","format-standard","has-post-thumbnail","hentry","category-noticias-principales","category-notas-de-prensa"],"_links":{"self":[{"href":"https:\/\/prensapresidencialvenezuela.gob.ve\/index.php\/wp-json\/wp\/v2\/posts\/20537","targetHints":{"allow":["GET"]}}],"collection":[{"href":"https:\/\/prensapresidencialvenezuela.gob.ve\/index.php\/wp-json\/wp\/v2\/posts"}],"about":[{"href":"https:\/\/prensapresidencialvenezuela.gob.ve\/index.php\/wp-json\/wp\/v2\/types\/post"}],"author":[{"embeddable":true,"href":"https:\/\/prensapresidencialvenezuela.gob.ve\/index.php\/wp-json\/wp\/v2\/users\/1"}],"replies":[{"embeddable":true,"href":"https:\/\/prensapresidencialvenezuela.gob.ve\/index.php\/wp-json\/wp\/v2\/comments?post=20537"}],"version-history":[{"count":1,"href":"https:\/\/prensapresidencialvenezuela.gob.ve\/index.php\/wp-json\/wp\/v2\/posts\/20537\/revisions"}],"predecessor-version":[{"id":20539,"href":"https:\/\/prensapresidencialvenezuela.gob.ve\/index.php\/wp-json\/wp\/v2\/posts\/20537\/revisions\/20539"}],"wp:featuredmedia":[{"embeddable":true,"href":"https:\/\/prensapresidencialvenezuela.gob.ve\/index.php\/wp-json\/wp\/v2\/media\/20538"}],"wp:attachment":[{"href":"https:\/\/prensapresidencialvenezuela.gob.ve\/index.php\/wp-json\/wp\/v2\/media?parent=20537"}],"wp:term":[{"taxonomy":"category","embeddable":true,"href":"https:\/\/prensapresidencialvenezuela.gob.ve\/index.php\/wp-json\/wp\/v2\/categories?post=20537"},{"taxonomy":"post_tag","embeddable":true,"href":"https:\/\/prensapresidencialvenezuela.gob.ve\/index.php\/wp-json\/wp\/v2\/tags?post=20537"}],"curies":[{"name":"wp","href":"https:\/\/api.w.org\/{rel}","templated":true}]}}