{"id":20548,"date":"2025-06-02T23:52:05","date_gmt":"2025-06-03T03:52:05","guid":{"rendered":"https:\/\/prensapresidencialvenezuela.gob.ve\/?p=20548"},"modified":"2025-06-02T23:52:36","modified_gmt":"2025-06-03T03:52:36","slug":"poder-comuna-se-consolida-en-venezuela","status":"publish","type":"post","link":"https:\/\/prensapresidencialvenezuela.gob.ve\/index.php\/2025\/06\/02\/poder-comuna-se-consolida-en-venezuela\/","title":{"rendered":"Poder Comunal se consolida en Venezuela"},"content":{"rendered":"\n<p><strong>Palacio de Miraflores, Caracas. &#8211;<\/strong> &nbsp;El Gobierno de la Rep\u00fablica Bolivariana de Venezuela, bajo el liderazgo del presidente Nicol\u00e1s Maduro, reafirma la pol\u00edtica de estado de las comunas y los l\u00edderes comunales como pilar fundamental para la construcci\u00f3n de un nuevo modelo de gesti\u00f3n. Esta apuesta a la democracia participativa y protag\u00f3nica subraya el compromiso con la consolidaci\u00f3n del poder popular desde las bases.<\/p>\n\n\n\n<p>El Jefe de Estado, en reciente intervenci\u00f3n, destac\u00f3 la recepci\u00f3n de numerosas propuestas para reformar las leyes electorales. El objetivo es consolidar un nuevo sistema comicial, adaptado a los Circuitos Comunales, fundamentado en el modelo vigente y con la visi\u00f3n de expandir su alcance a cada comunidad. Esta iniciativa busca profundizar la participaci\u00f3n popular en los procesos de toma de decisiones.<\/p>\n\n\n\n<h2 class=\"wp-block-heading\"><strong>Voces de la construcci\u00f3n comunal<\/strong><\/h2>\n\n\n\n<p>Walter Gavidia, coordinador de la Corporaci\u00f3n Juntos Todo es Posible, enfatiz\u00f3 la relevancia de este proyecto y su impacto positivo en el tejido social. Expres\u00f3 que \u00abHa nacido un cari\u00f1o extraordinario hacia este proyecto, una bendici\u00f3n de Dios. Se siente que se est\u00e1 construyendo un nuevo Estado. Estamos trabajando fuertemente con las comunas para fortalecer el tejido social\u00bb. Su declaraci\u00f3n resalta el arraigo y la trascendencia de la iniciativa en el sentir de las comunidades.<\/p>\n\n\n\n<p>Por su parte, \u00c1ngel Prado, ministro del Poder Popular para las Comunas y Movimientos Sociales, inform\u00f3 el inicio este martes de 250 asambleas. Estas reuniones se programaron en las Comunas ganadoras, con el fin de presentar a Juntos Todo es Posible la propuesta del proyecto seleccionado. El ministro sentenci\u00f3: \u00abSe acab\u00f3 la idea de que las comunas tienen que dividirse para tener recursos. Ahora, las consultas que mejor trabajen ser\u00e1n reconocidas y premiadas\u00bb. Esta afirmaci\u00f3n garantiza la equidad y el reconocimiento al esfuerzo colectivo.<\/p>\n\n\n\n<h2 class=\"wp-block-heading\"><strong>El Liderazgo femenino de las Comunas<\/strong><\/h2>\n\n\n\n<p>L\u00edderes comunales de diversas regiones del pa\u00eds compartieron sus impresiones sobre la iniciativa y el proceso electoral. Cruz Mary Marchan, vocera de la Comuna Batalladores de Caiguire en el estado Sucre, explic\u00f3 que su Comuna est\u00e1 conformada por 15 Consejos Comunales. Ellos han trabajado de manera coordinada para alcanzar sus objetivos.<\/p>\n\n\n\n<p>Desde el estado Miranda, la vocera de la Comuna Vamos con todo Petare Norte, Edith Alcal\u00e1, subray\u00f3 la organizaci\u00f3n y planificaci\u00f3n de las comunas en su territorio. \u00abEs una comuna que se prepara minuciosamente con las autoridades y vecinos\u00bb, a\u00f1adi\u00f3, lo que demuestra la cohesi\u00f3n y el compromiso.<\/p>\n\n\n\n<p>Asimismo, Victoria Londo\u00f1o, vocera de la Comuna Cacique Carapaica de la parroquia Catedral, celebr\u00f3 la alta participaci\u00f3n del pueblo en las elecciones. Destac\u00f3 el compromiso patri\u00f3tico de los votantes. \u00abVenezuela se viste de gloria y de paz. Agradecemos a todos quienes salieron a votar, defendiendo con patriotismo y participaci\u00f3n extraordinaria\u00bb, afirm\u00f3 Londo\u00f1o, reconociendo el fervor c\u00edvico.<\/p>\n\n\n\n<p>Finalmente, Raquel Rodr\u00edguez, responsable del Sistema de Autogobierno de la parroquia Yumare, estado Yaracuy, resalt\u00f3 la importancia del reimpulso a las comunas para continuar el legado del Comandante Supremo y Eterno Hugo Ch\u00e1vez. \u00abNuestro municipio se caracteriza por ser agr\u00edcola y rural, y en nombre de todos le damos las gracias por el reimpulso a las comunas para continuar con el legado de Ch\u00e1vez, ya que han sido muy significativas\u00bb, expres\u00f3, vinculando el presente con la visi\u00f3n fundacional de la Revoluci\u00f3n Bolivariana.<\/p>\n\n\n\n<p>Con estas acciones, el Gobierno nacional reafirma su compromiso con el fortalecimiento del Poder Popular y la transformaci\u00f3n pol\u00edtica en Venezuela. El objetivo es promover espacios de participaci\u00f3n comunitaria y gesti\u00f3n aut\u00f3noma que contribuyan al bienestar social y al desarrollo del pa\u00eds. El poder comunal emerge como la vanguardia de un nuevo Estado popular.<\/p>\n\n\n\n<p><strong>Prensa Presidencial\/ Luis Tavera<\/strong><\/p>\n","protected":false},"excerpt":{"rendered":"<p>Palacio de Miraflores, Caracas. &#8211; &nbsp;El Gobierno de la Rep\u00fablica Bolivariana de Venezuela, bajo el liderazgo del presidente Nicol\u00e1s Maduro, reafirma la pol\u00edtica de estado de las comunas y los l\u00edderes comunales como pilar fundamental para la construcci\u00f3n de un nuevo modelo de gesti\u00f3n. Esta apuesta a la democracia participativa y protag\u00f3nica subraya el compromiso [&hellip;]<\/p>\n","protected":false},"author":1,"featured_media":20549,"comment_status":"open","ping_status":"open","sticky":false,"template":"","format":"standard","meta":{"footnotes":""},"categories":[18,7],"tags":[],"class_list":["post-20548","post","type-post","status-publish","format-standard","has-post-thumbnail","hentry","category-noticias-principales","category-notas-de-prensa"],"_links":{"self":[{"href":"https:\/\/prensapresidencialvenezuela.gob.ve\/index.php\/wp-json\/wp\/v2\/posts\/20548","targetHints":{"allow":["GET"]}}],"collection":[{"href":"https:\/\/prensapresidencialvenezuela.gob.ve\/index.php\/wp-json\/wp\/v2\/posts"}],"about":[{"href":"https:\/\/prensapresidencialvenezuela.gob.ve\/index.php\/wp-json\/wp\/v2\/types\/post"}],"author":[{"embeddable":true,"href":"https:\/\/prensapresidencialvenezuela.gob.ve\/index.php\/wp-json\/wp\/v2\/users\/1"}],"replies":[{"embeddable":true,"href":"https:\/\/prensapresidencialvenezuela.gob.ve\/index.php\/wp-json\/wp\/v2\/comments?post=20548"}],"version-history":[{"count":2,"href":"https:\/\/prensapresidencialvenezuela.gob.ve\/index.php\/wp-json\/wp\/v2\/posts\/20548\/revisions"}],"predecessor-version":[{"id":20551,"href":"https:\/\/prensapresidencialvenezuela.gob.ve\/index.php\/wp-json\/wp\/v2\/posts\/20548\/revisions\/20551"}],"wp:featuredmedia":[{"embeddable":true,"href":"https:\/\/prensapresidencialvenezuela.gob.ve\/index.php\/wp-json\/wp\/v2\/media\/20549"}],"wp:attachment":[{"href":"https:\/\/prensapresidencialvenezuela.gob.ve\/index.php\/wp-json\/wp\/v2\/media?parent=20548"}],"wp:term":[{"taxonomy":"category","embeddable":true,"href":"https:\/\/prensapresidencialvenezuela.gob.ve\/index.php\/wp-json\/wp\/v2\/categories?post=20548"},{"taxonomy":"post_tag","embeddable":true,"href":"https:\/\/prensapresidencialvenezuela.gob.ve\/index.php\/wp-json\/wp\/v2\/tags?post=20548"}],"curies":[{"name":"wp","href":"https:\/\/api.w.org\/{rel}","templated":true}]}}