{"id":20554,"date":"2025-06-03T15:09:05","date_gmt":"2025-06-03T19:09:05","guid":{"rendered":"https:\/\/prensapresidencialvenezuela.gob.ve\/?p=20554"},"modified":"2025-06-03T15:09:06","modified_gmt":"2025-06-03T19:09:06","slug":"venezuela-felicita-a-raul-castro-en-su-cumpleanos-y-destaca-su-legado-revolucionario","status":"publish","type":"post","link":"https:\/\/prensapresidencialvenezuela.gob.ve\/index.php\/2025\/06\/03\/venezuela-felicita-a-raul-castro-en-su-cumpleanos-y-destaca-su-legado-revolucionario\/","title":{"rendered":"Venezuela felicita a Ra\u00fal Castro en su cumplea\u00f1os y destaca su legado revolucionario\u00a0"},"content":{"rendered":"\n<p><strong>Palacio de Miraflores, Caracas.-<\/strong> El presidente de la Rep\u00fablica Bolivariana de Venezuela, Nicol\u00e1s Maduro, envi\u00f3 un emotivo mensaje de felicitaci\u00f3n al General de Ej\u00e9rcito Rebelde, Ra\u00fal Castro Ruz, l\u00edder hist\u00f3rico de la Revoluci\u00f3n Cubana, a prop\u00f3sito de celebrarse su cumplea\u00f1os n\u00famero 94.&nbsp;<\/p>\n\n\n\n<p>En nombre del pueblo venezolano, el Mandatario nacional expres\u00f3 un \u00abfuerte abrazo de hermandad y una profunda gratitud\u00bb, por la incansable labor que realiz\u00f3 a favor de Cuba, Am\u00e9rica Latina y la humanidad.<\/p>\n\n\n\n<p>Asimismo, destac\u00f3 su papel en la lucha por la dignidad e independencia de su pueblo y por ser un genuino esp\u00edritu de Jos\u00e9 Mart\u00ed, visionario de Am\u00e9rica Latina unida y libre.<\/p>\n\n\n\n<blockquote class=\"wp-block-quote is-layout-flow wp-block-quote-is-layout-flow\">\n<p>\u00abTu compromiso y lealtad inquebrantable a la Revoluci\u00f3n, contin\u00faan brillando como un faro de esperanza y resistencia que ilumina nuestros caminos\u00bb, escribi\u00f3 Maduro en un mensaje difundido a trav\u00e9s de sus redes sociales, reconociendo en Ra\u00fal Castro a un hombre de temple y de esp\u00edritu revolucionario y antiimperialista.&nbsp;<\/p>\n<\/blockquote>\n\n\n\n<p>El Presidente venezolano cerr\u00f3 el mensaje, que acompa\u00f1\u00f3 con fotos junto al l\u00edder cubano, con la frase \u00ab\u00a1Feliz cumplea\u00f1os, Ra\u00fal!\u00bb, demostrando que los lazos de amistad est\u00e1n unidos por la integraci\u00f3n y la lucha antiimperialista.<\/p>\n\n\n\n<p><strong>Prensa Presidencial\/ Iliana Rosales<\/strong><\/p>\n","protected":false},"excerpt":{"rendered":"<p>Palacio de Miraflores, Caracas.- El presidente de la Rep\u00fablica Bolivariana de Venezuela, Nicol\u00e1s Maduro, envi\u00f3 un emotivo mensaje de felicitaci\u00f3n al General de Ej\u00e9rcito Rebelde, Ra\u00fal Castro Ruz, l\u00edder hist\u00f3rico de la Revoluci\u00f3n Cubana, a prop\u00f3sito de celebrarse su cumplea\u00f1os n\u00famero 94.&nbsp; En nombre del pueblo venezolano, el Mandatario nacional expres\u00f3 un \u00abfuerte abrazo de [&hellip;]<\/p>\n","protected":false},"author":1,"featured_media":20555,"comment_status":"open","ping_status":"open","sticky":false,"template":"","format":"standard","meta":{"footnotes":""},"categories":[18,7],"tags":[19,27],"class_list":["post-20554","post","type-post","status-publish","format-standard","has-post-thumbnail","hentry","category-noticias-principales","category-notas-de-prensa","tag-nicolas-maduro","tag-revolucion-bolivariana"],"_links":{"self":[{"href":"https:\/\/prensapresidencialvenezuela.gob.ve\/index.php\/wp-json\/wp\/v2\/posts\/20554","targetHints":{"allow":["GET"]}}],"collection":[{"href":"https:\/\/prensapresidencialvenezuela.gob.ve\/index.php\/wp-json\/wp\/v2\/posts"}],"about":[{"href":"https:\/\/prensapresidencialvenezuela.gob.ve\/index.php\/wp-json\/wp\/v2\/types\/post"}],"author":[{"embeddable":true,"href":"https:\/\/prensapresidencialvenezuela.gob.ve\/index.php\/wp-json\/wp\/v2\/users\/1"}],"replies":[{"embeddable":true,"href":"https:\/\/prensapresidencialvenezuela.gob.ve\/index.php\/wp-json\/wp\/v2\/comments?post=20554"}],"version-history":[{"count":1,"href":"https:\/\/prensapresidencialvenezuela.gob.ve\/index.php\/wp-json\/wp\/v2\/posts\/20554\/revisions"}],"predecessor-version":[{"id":20556,"href":"https:\/\/prensapresidencialvenezuela.gob.ve\/index.php\/wp-json\/wp\/v2\/posts\/20554\/revisions\/20556"}],"wp:featuredmedia":[{"embeddable":true,"href":"https:\/\/prensapresidencialvenezuela.gob.ve\/index.php\/wp-json\/wp\/v2\/media\/20555"}],"wp:attachment":[{"href":"https:\/\/prensapresidencialvenezuela.gob.ve\/index.php\/wp-json\/wp\/v2\/media?parent=20554"}],"wp:term":[{"taxonomy":"category","embeddable":true,"href":"https:\/\/prensapresidencialvenezuela.gob.ve\/index.php\/wp-json\/wp\/v2\/categories?post=20554"},{"taxonomy":"post_tag","embeddable":true,"href":"https:\/\/prensapresidencialvenezuela.gob.ve\/index.php\/wp-json\/wp\/v2\/tags?post=20554"}],"curies":[{"name":"wp","href":"https:\/\/api.w.org\/{rel}","templated":true}]}}