{"id":20557,"date":"2025-06-03T17:22:05","date_gmt":"2025-06-03T21:22:05","guid":{"rendered":"https:\/\/prensapresidencialvenezuela.gob.ve\/?p=20557"},"modified":"2025-06-03T17:22:05","modified_gmt":"2025-06-03T21:22:05","slug":"jefe-de-estado-venezolano-acompana-toma-de-posesion-de-la-gobernadora-de-sucre-jhoanna-carrillo","status":"publish","type":"post","link":"https:\/\/prensapresidencialvenezuela.gob.ve\/index.php\/2025\/06\/03\/jefe-de-estado-venezolano-acompana-toma-de-posesion-de-la-gobernadora-de-sucre-jhoanna-carrillo\/","title":{"rendered":"Jefe de Estado venezolano acompa\u00f1a toma de posesi\u00f3n de la gobernadora de Sucre, Jhoanna Carrillo"},"content":{"rendered":"\n<p><strong>Cuman\u00e1, estado Sucre.-<\/strong> El presidente de la Rep\u00fablica Bolivariana de Venezuela, Nicol\u00e1s Maduro, y la primera Dama, Cilia Flores, hacen acto de presencia este martes 3 de junio en el acto de la toma de posesi\u00f3n de la reci\u00e9n electa gobernadora del estado Sucre, Jhoanna Carrillo.<\/p>\n\n\n\n<p>La actividad que se desarrolla en la plaza Bol\u00edvar de la entidad costera, inici\u00f3 con el saludo del Mandatario Nacional al pueblo sucrense y continu\u00f3 con una presentaci\u00f3n cultural de la juventud que, bajo el atardecer de esta zona oriental del pa\u00eds, inicia un nuevo cap\u00edtulo en su historia.<\/p>\n\n\n\n<p>Jhoanna Carrillo, representante del Gran Polo Patri\u00f3tico Sim\u00f3n Bol\u00edvar para las elecciones regionales del pasado 25 de mayo, result\u00f3 triunfadora de la contienda con 94,40%, convirti\u00e9ndose en una de las m\u00e1s votadas en todo el pa\u00eds.<\/p>\n\n\n\n<p><strong>Prensa Presidencial\/ Iliana Rosales<\/strong><\/p>\n","protected":false},"excerpt":{"rendered":"<p>Cuman\u00e1, estado Sucre.- El presidente de la Rep\u00fablica Bolivariana de Venezuela, Nicol\u00e1s Maduro, y la primera Dama, Cilia Flores, hacen acto de presencia este martes 3 de junio en el acto de la toma de posesi\u00f3n de la reci\u00e9n electa gobernadora del estado Sucre, Jhoanna Carrillo. La actividad que se desarrolla en la plaza Bol\u00edvar [&hellip;]<\/p>\n","protected":false},"author":1,"featured_media":20558,"comment_status":"open","ping_status":"open","sticky":false,"template":"","format":"standard","meta":{"footnotes":""},"categories":[18,7],"tags":[],"class_list":["post-20557","post","type-post","status-publish","format-standard","has-post-thumbnail","hentry","category-noticias-principales","category-notas-de-prensa"],"_links":{"self":[{"href":"https:\/\/prensapresidencialvenezuela.gob.ve\/index.php\/wp-json\/wp\/v2\/posts\/20557","targetHints":{"allow":["GET"]}}],"collection":[{"href":"https:\/\/prensapresidencialvenezuela.gob.ve\/index.php\/wp-json\/wp\/v2\/posts"}],"about":[{"href":"https:\/\/prensapresidencialvenezuela.gob.ve\/index.php\/wp-json\/wp\/v2\/types\/post"}],"author":[{"embeddable":true,"href":"https:\/\/prensapresidencialvenezuela.gob.ve\/index.php\/wp-json\/wp\/v2\/users\/1"}],"replies":[{"embeddable":true,"href":"https:\/\/prensapresidencialvenezuela.gob.ve\/index.php\/wp-json\/wp\/v2\/comments?post=20557"}],"version-history":[{"count":1,"href":"https:\/\/prensapresidencialvenezuela.gob.ve\/index.php\/wp-json\/wp\/v2\/posts\/20557\/revisions"}],"predecessor-version":[{"id":20559,"href":"https:\/\/prensapresidencialvenezuela.gob.ve\/index.php\/wp-json\/wp\/v2\/posts\/20557\/revisions\/20559"}],"wp:featuredmedia":[{"embeddable":true,"href":"https:\/\/prensapresidencialvenezuela.gob.ve\/index.php\/wp-json\/wp\/v2\/media\/20558"}],"wp:attachment":[{"href":"https:\/\/prensapresidencialvenezuela.gob.ve\/index.php\/wp-json\/wp\/v2\/media?parent=20557"}],"wp:term":[{"taxonomy":"category","embeddable":true,"href":"https:\/\/prensapresidencialvenezuela.gob.ve\/index.php\/wp-json\/wp\/v2\/categories?post=20557"},{"taxonomy":"post_tag","embeddable":true,"href":"https:\/\/prensapresidencialvenezuela.gob.ve\/index.php\/wp-json\/wp\/v2\/tags?post=20557"}],"curies":[{"name":"wp","href":"https:\/\/api.w.org\/{rel}","templated":true}]}}