{"id":20589,"date":"2025-06-03T22:09:24","date_gmt":"2025-06-04T02:09:24","guid":{"rendered":"https:\/\/prensapresidencialvenezuela.gob.ve\/?p=20589"},"modified":"2025-06-03T22:09:24","modified_gmt":"2025-06-04T02:09:24","slug":"gobierno-nacional-impulsa-agenda-concreta-de-accion-para-una-venezuela-prospera","status":"publish","type":"post","link":"https:\/\/prensapresidencialvenezuela.gob.ve\/index.php\/2025\/06\/03\/gobierno-nacional-impulsa-agenda-concreta-de-accion-para-una-venezuela-prospera\/","title":{"rendered":"Gobierno Nacional impulsa Agenda Concreta de Acci\u00f3n para una Venezuela pr\u00f3spera"},"content":{"rendered":"\n<p><strong>Municipio Arismendi, Nueva Esparta. &#8211;<\/strong> &nbsp;El presidente de la Rep\u00fablica Bolivariana de Venezuela, Nicol\u00e1s Maduro Moros, inst\u00f3 a consolidar la Agenda Concreta de Acci\u00f3n (ACA) 2030, una hoja de ruta para el desarrollo integral del pa\u00eds.<\/p>\n\n\n\n<p>Estas declaraciones las ofreci\u00f3 durante el acto de toma de posesi\u00f3n de la nueva gobernadora del estado Nueva Esparta, Marisel Vel\u00e1squez, enfatizando el compromiso del gobierno con el bienestar social y la prosperidad de la naci\u00f3n.<\/p>\n\n\n\n<p><strong>Compromiso con el futuro de Venezuela<\/strong><\/p>\n\n\n\n<p>El presidente Maduro anunci\u00f3 el establecimiento de una agenda de trabajo con cada gobernador para fortalecer la ACA 2030, con la meta de garantizar el resurgimiento econ\u00f3mico y social de Venezuela.<\/p>\n\n\n\n<blockquote class=\"wp-block-quote is-layout-flow wp-block-quote-is-layout-flow\">\n<p>\u00abEstablecer\u00e9 con cada uno de los gobernadores y gobernadoras una agenda de trabajo para consolidar la Agenda Concreta de Acci\u00f3n (ACA) al 2030, para poner a Venezuela con luz, brillante, pr\u00f3spera y feliz, para construir un estado de bienestar social consolidado que las sanciones y la guerra econ\u00f3mica afectaron\u00bb, afirm\u00f3 el presidente de la Rep\u00fablica Bolivariana de Venezuela, Nicol\u00e1s Maduro Moros, en la toma de posesi\u00f3n de la nueva gobernadora del estado Nueva Esparta, Marisel Vel\u00e1squez.<\/p>\n<\/blockquote>\n\n\n\n<p><strong>Recuperaci\u00f3n integral del Hospital Dr. Luis Ortega<\/strong><\/p>\n\n\n\n<p>En un esfuerzo por robustecer el sistema de salud, el mandatario nacional instruy\u00f3 al ministro del Despacho de la Presidencia, C\/A An\u00edbal Coronado, y a la comisi\u00f3n \u00abJuntos Todo es Posible\u00bb, la recuperaci\u00f3n completa del Hospital General Regional Dr. Luis Ortega, un patrimonio vital para el pueblo neoespartano.<\/p>\n\n\n\n<p><strong>El Pueblo como eje de la Gesti\u00f3n Gubernamental<\/strong><\/p>\n\n\n\n<p>El Jefe de Estado subray\u00f3 la importancia de arraigar la gesti\u00f3n de gobierno en las necesidades del pueblo, buscando una transformaci\u00f3n territorial a trav\u00e9s de acciones educativas, sociales, econ\u00f3micas y culturales.<\/p>\n\n\n\n<p>El jefe de Estado tambi\u00e9n subray\u00f3 que la gesti\u00f3n gubernamental debe estar enraizada en las necesidades del pueblo, que transforme el territorio a trav\u00e9s de acciones educativas, sociales, econ\u00f3micas y culturales. \u00abLas prioridades establecidas por el pueblo, la gobernaci\u00f3n tiene que ser el territorio, los Circuitos Comunales, vivir, comer, dormir, so\u00f1ar, levantarse y trabajar junto al pueblo en el territorio y generar grandes transformaciones\u00bb, destac\u00f3.<\/p>\n\n\n\n<h2 class=\"wp-block-heading\"><strong>Adi\u00f3s a la burocracia<\/strong><\/h2>\n\n\n\n<p>Asimismo, el jefe de Estado hizo un llamado a eliminar los viejos modelos burocr\u00e1ticos y fortalecer una nueva forma de gobierno, basada en la acci\u00f3n directa y la sabidur\u00eda popular.<\/p>\n\n\n\n<p>Asimismo, hizo un llamado a derribar los viejos modelos burocr\u00e1ticos y fortalecer una nueva forma de Gobierno, basada en la acci\u00f3n directa del pueblo.<\/p>\n\n\n\n<p>\u00abHay una nueva forma y m\u00e9todo superior: derribar el viejo modelo del estado burgu\u00e9s y burocr\u00e1tico de gobiernos a\u00e9reos, e ir a gobernar con la sabidur\u00eda, el poder y la capacidad de acci\u00f3n del pueblo en las bases\u00bb, agreg\u00f3.<\/p>\n\n\n\n<p><strong>Celebraci\u00f3n de la Victoria Popular en Nueva Esparta<\/strong><\/p>\n\n\n\n<p>Durante su discurso, el presidente Maduro celebr\u00f3 la reciente victoria electoral en el estado Nueva Esparta, destacando la recuperaci\u00f3n del poder pol\u00edtico en la gobernaci\u00f3n como un triunfo del pueblo.<\/p>\n\n\n\n<p>Durante su discurso, el presidente Maduro celebr\u00f3 la victoria en el estado Nueva Esparta y la recuperaci\u00f3n del poder pol\u00edtico en la gobernaci\u00f3n. \u00abYo sab\u00eda que este d\u00eda iba a llegar, con la voluntad soberana y consciente de Nueva Esparta, que esta tierra heroica iba a rescatar el poder pol\u00edtico de la gobernaci\u00f3n. Hoy es un d\u00eda de victoria y de esperanza renovada para todas las fuerzas genuinas del pueblo humilde\u00bb, expres\u00f3 con entusiasmo, al resaltar el esfuerzo de las comunidades en la consolidaci\u00f3n del proyecto revolucionario.<\/p>\n\n\n\n<figure class=\"wp-block-image size-large\"><img fetchpriority=\"high\" decoding=\"async\" width=\"998\" height=\"1024\" src=\"https:\/\/prensapresidencialvenezuela.gob.ve\/wp-content\/uploads\/2025\/06\/11_ZC__5356_P-998x1024.jpg\" alt=\"\" class=\"wp-image-20591\" srcset=\"https:\/\/prensapresidencialvenezuela.gob.ve\/wp-content\/uploads\/2025\/06\/11_ZC__5356_P-998x1024.jpg 998w, https:\/\/prensapresidencialvenezuela.gob.ve\/wp-content\/uploads\/2025\/06\/11_ZC__5356_P-292x300.jpg 292w, https:\/\/prensapresidencialvenezuela.gob.ve\/wp-content\/uploads\/2025\/06\/11_ZC__5356_P-768x788.jpg 768w, https:\/\/prensapresidencialvenezuela.gob.ve\/wp-content\/uploads\/2025\/06\/11_ZC__5356_P-1497x1536.jpg 1497w, https:\/\/prensapresidencialvenezuela.gob.ve\/wp-content\/uploads\/2025\/06\/11_ZC__5356_P.jpg 1949w\" sizes=\"(max-width: 998px) 100vw, 998px\" \/><\/figure>\n\n\n\n<p><strong>Reconocimiento a una l\u00edder comprometida<\/strong><\/p>\n\n\n\n<p>Finalmente, el Mandatario reconoci\u00f3 la labor de la nueva gobernadora Marisel Vel\u00e1squez, resaltando su compromiso con su pueblo y su trayectoria como l\u00edder.<\/p>\n\n\n\n<p>Finalmente, reconoci\u00f3 la labor de la nueva gobernadora Marisel Vel\u00e1squez, a quien describi\u00f3 como una l\u00edder comprometida con su pueblo. \u00abEsta muchacha nacida un 8 de diciembre, con su trayectoria de mujer trabajadora, ha construido junto al pueblo un gran camino, y as\u00ed como ha tenido \u00e9xito como alcaldesa, estoy seguro de que ser\u00e1 una exitosa gobernadora, con un gobierno incluyente, de justicia, de igualdad y de obras realizadas\u00bb.<\/p>\n\n\n\n<p><strong>Prensa Presidencial\/ Luis Tavera<\/strong><\/p>\n","protected":false},"excerpt":{"rendered":"<p>Municipio Arismendi, Nueva Esparta. &#8211; &nbsp;El presidente de la Rep\u00fablica Bolivariana de Venezuela, Nicol\u00e1s Maduro Moros, inst\u00f3 a consolidar la Agenda Concreta de Acci\u00f3n (ACA) 2030, una hoja de ruta para el desarrollo integral del pa\u00eds. Estas declaraciones las ofreci\u00f3 durante el acto de toma de posesi\u00f3n de la nueva gobernadora del estado Nueva Esparta, [&hellip;]<\/p>\n","protected":false},"author":1,"featured_media":20590,"comment_status":"open","ping_status":"open","sticky":false,"template":"","format":"standard","meta":{"footnotes":""},"categories":[18,7],"tags":[],"class_list":["post-20589","post","type-post","status-publish","format-standard","has-post-thumbnail","hentry","category-noticias-principales","category-notas-de-prensa"],"_links":{"self":[{"href":"https:\/\/prensapresidencialvenezuela.gob.ve\/index.php\/wp-json\/wp\/v2\/posts\/20589","targetHints":{"allow":["GET"]}}],"collection":[{"href":"https:\/\/prensapresidencialvenezuela.gob.ve\/index.php\/wp-json\/wp\/v2\/posts"}],"about":[{"href":"https:\/\/prensapresidencialvenezuela.gob.ve\/index.php\/wp-json\/wp\/v2\/types\/post"}],"author":[{"embeddable":true,"href":"https:\/\/prensapresidencialvenezuela.gob.ve\/index.php\/wp-json\/wp\/v2\/users\/1"}],"replies":[{"embeddable":true,"href":"https:\/\/prensapresidencialvenezuela.gob.ve\/index.php\/wp-json\/wp\/v2\/comments?post=20589"}],"version-history":[{"count":1,"href":"https:\/\/prensapresidencialvenezuela.gob.ve\/index.php\/wp-json\/wp\/v2\/posts\/20589\/revisions"}],"predecessor-version":[{"id":20592,"href":"https:\/\/prensapresidencialvenezuela.gob.ve\/index.php\/wp-json\/wp\/v2\/posts\/20589\/revisions\/20592"}],"wp:featuredmedia":[{"embeddable":true,"href":"https:\/\/prensapresidencialvenezuela.gob.ve\/index.php\/wp-json\/wp\/v2\/media\/20590"}],"wp:attachment":[{"href":"https:\/\/prensapresidencialvenezuela.gob.ve\/index.php\/wp-json\/wp\/v2\/media?parent=20589"}],"wp:term":[{"taxonomy":"category","embeddable":true,"href":"https:\/\/prensapresidencialvenezuela.gob.ve\/index.php\/wp-json\/wp\/v2\/categories?post=20589"},{"taxonomy":"post_tag","embeddable":true,"href":"https:\/\/prensapresidencialvenezuela.gob.ve\/index.php\/wp-json\/wp\/v2\/tags?post=20589"}],"curies":[{"name":"wp","href":"https:\/\/api.w.org\/{rel}","templated":true}]}}