{"id":20654,"date":"2025-06-05T20:19:00","date_gmt":"2025-06-06T00:19:00","guid":{"rendered":"https:\/\/prensapresidencialvenezuela.gob.ve\/?p=20654"},"modified":"2025-06-05T20:19:01","modified_gmt":"2025-06-06T00:19:01","slug":"pueblo-aragueno-derroto-una-vez-mas-al-extinto-tren-de-aragua","status":"publish","type":"post","link":"https:\/\/prensapresidencialvenezuela.gob.ve\/index.php\/2025\/06\/05\/pueblo-aragueno-derroto-una-vez-mas-al-extinto-tren-de-aragua\/","title":{"rendered":"Pueblo arag\u00fce\u00f1o derrot\u00f3 una vez m\u00e1s al extinto Tren de Aragua"},"content":{"rendered":"\n<p><strong>Municipio Santiago Mari\u00f1o, estado Aragua. \u2013 <\/strong>\u00abAragua vot\u00f3 por la paz, por la lealtad, por un gobierno con sentido humano, porque Aragua es la cuna de la Patria, de un pueblo trabajador, honesto, sincero y patriota que derrot\u00f3 al Tren de Aragua\u00bb, asever\u00f3 el presidente de la Rep\u00fablica Bolivariana de Venezuela, Nicol\u00e1s Maduro Moros.<\/p>\n\n\n\n<p>El Presidente hizo \u00e9nfasis en este punto para hacer alusi\u00f3n a los ataques que la oligarqu\u00eda ha ejecutado de manera permanente en contra de Venezuela, a trav\u00e9s del extinto Tren de Aragua.<\/p>\n\n\n\n<p>En el mes de febrero del a\u00f1o en curso, el Presidente se\u00f1al\u00f3 que quien promovi\u00f3, organiz\u00f3 y articul\u00f3 actividades terroristas en Venezuela fue la Oficina Federal de Investigaci\u00f3n o Bur\u00f3 Federal de Investigaciones, m\u00e1s conocido por sus siglas &nbsp;FBI, y la Administraci\u00f3n de Control de Drogas\u200b, conocida por su sigla como DEA desde Colombia.<\/p>\n\n\n\n<p>Por este motivo, acentu\u00f3 que se debe recordar todos los momentos hist\u00f3ricos, ya que forman parte del patrimonio y de la consciencia colectiva del pueblo venezolano, quien ha superado todas las adversidades y ha hecho frente ante las arremetidas del imperio norteamericano.<\/p>\n\n\n\n<p>En contexto, es relevante recordar el jefe de Estado ha reiterado de manera contundente y en diferentes ocasiones, que el desarrollo de Venezuela no depende del imperialismo, sino del trabajo y el amor por la Patria, por el resguardo del camino de independencia, soberan\u00eda, paz, trabajo y desarrollo del pa\u00eds.<\/p>\n\n\n\n<p><strong>Prensa Presidencial\/ Irmary D\u00edaz<\/strong><\/p>\n","protected":false},"excerpt":{"rendered":"<p>Municipio Santiago Mari\u00f1o, estado Aragua. \u2013 \u00abAragua vot\u00f3 por la paz, por la lealtad, por un gobierno con sentido humano, porque Aragua es la cuna de la Patria, de un pueblo trabajador, honesto, sincero y patriota que derrot\u00f3 al Tren de Aragua\u00bb, asever\u00f3 el presidente de la Rep\u00fablica Bolivariana de Venezuela, Nicol\u00e1s Maduro Moros. El [&hellip;]<\/p>\n","protected":false},"author":1,"featured_media":20656,"comment_status":"open","ping_status":"open","sticky":false,"template":"","format":"standard","meta":{"footnotes":""},"categories":[7],"tags":[],"class_list":["post-20654","post","type-post","status-publish","format-standard","has-post-thumbnail","hentry","category-notas-de-prensa"],"_links":{"self":[{"href":"https:\/\/prensapresidencialvenezuela.gob.ve\/index.php\/wp-json\/wp\/v2\/posts\/20654","targetHints":{"allow":["GET"]}}],"collection":[{"href":"https:\/\/prensapresidencialvenezuela.gob.ve\/index.php\/wp-json\/wp\/v2\/posts"}],"about":[{"href":"https:\/\/prensapresidencialvenezuela.gob.ve\/index.php\/wp-json\/wp\/v2\/types\/post"}],"author":[{"embeddable":true,"href":"https:\/\/prensapresidencialvenezuela.gob.ve\/index.php\/wp-json\/wp\/v2\/users\/1"}],"replies":[{"embeddable":true,"href":"https:\/\/prensapresidencialvenezuela.gob.ve\/index.php\/wp-json\/wp\/v2\/comments?post=20654"}],"version-history":[{"count":1,"href":"https:\/\/prensapresidencialvenezuela.gob.ve\/index.php\/wp-json\/wp\/v2\/posts\/20654\/revisions"}],"predecessor-version":[{"id":20657,"href":"https:\/\/prensapresidencialvenezuela.gob.ve\/index.php\/wp-json\/wp\/v2\/posts\/20654\/revisions\/20657"}],"wp:featuredmedia":[{"embeddable":true,"href":"https:\/\/prensapresidencialvenezuela.gob.ve\/index.php\/wp-json\/wp\/v2\/media\/20656"}],"wp:attachment":[{"href":"https:\/\/prensapresidencialvenezuela.gob.ve\/index.php\/wp-json\/wp\/v2\/media?parent=20654"}],"wp:term":[{"taxonomy":"category","embeddable":true,"href":"https:\/\/prensapresidencialvenezuela.gob.ve\/index.php\/wp-json\/wp\/v2\/categories?post=20654"},{"taxonomy":"post_tag","embeddable":true,"href":"https:\/\/prensapresidencialvenezuela.gob.ve\/index.php\/wp-json\/wp\/v2\/tags?post=20654"}],"curies":[{"name":"wp","href":"https:\/\/api.w.org\/{rel}","templated":true}]}}