{"id":20686,"date":"2025-06-05T22:43:40","date_gmt":"2025-06-06T02:43:40","guid":{"rendered":"https:\/\/prensapresidencialvenezuela.gob.ve\/?p=20686"},"modified":"2025-06-06T11:47:18","modified_gmt":"2025-06-06T15:47:18","slug":"rafael-lacava-carabobo-es-uno-de-los-mas-fuertes-y-consolidados-bastiones-de-la-revolucion","status":"publish","type":"post","link":"https:\/\/prensapresidencialvenezuela.gob.ve\/index.php\/2025\/06\/05\/rafael-lacava-carabobo-es-uno-de-los-mas-fuertes-y-consolidados-bastiones-de-la-revolucion\/","title":{"rendered":"Rafael Lacava: Carabobo es uno de los m\u00e1s fuertes y consolidados bastiones de la Revoluci\u00f3n"},"content":{"rendered":"\n<p><strong>Campo de Carabobo.- <\/strong>El gobernador reci\u00e9n reelecto del estado Carabobo, Rafael Lacava, fue juramentado este jueves 5 de junio. En su discurso, afirm\u00f3 que su entidad sigue siendo uno de los bastiones m\u00e1s fuertes y consolidados de la Revoluci\u00f3n Bolivariana.<\/p>\n\n\n\n<p>Desde el inmortal Campo de Carabobo, asegur\u00f3 que quedaron atr\u00e1s los tiempos en los que la oligarqu\u00eda pretend\u00eda adue\u00f1arse de la regi\u00f3n. \u00abHoy, en cambio, Carabobo es epicentro del sentimiento patriota y del compromiso revolucionario m\u00e1s profundo, como hist\u00f3ricamente ha sido y seguir\u00e1 siendo por siempre\u00bb, sostuvo.<\/p>\n\n\n\n<p>Acompa\u00f1ado por el presidente de la Rep\u00fablica Bolivariana de Venezuela, Nicol\u00e1s Maduro Moros, y la Primera Dama, Cilia Flores, garantiz\u00f3 que la entidad seguir\u00e1 depositando su confianza en el jefe de Estado, por considerar que representa la esperanza del futuro.<\/p>\n\n\n\n<p>Asimismo, dijo que \u00abmantendr\u00e1n ardiendo la llama libertaria de Carabobo, que lleva m\u00e1s de 200 a\u00f1os encendida, as\u00ed como tambi\u00e9n est\u00e1 encendida la conciencia de nuestro pueblo\u00bb.<\/p>\n\n\n\n<p>En ese sentido, Lacava mencion\u00f3 que la regi\u00f3n har\u00e1 honor a su legado hist\u00f3rico. \u00abHace m\u00e1s de 200 a\u00f1os, Carabobo signific\u00f3 el grito de libertad definitivo que retumb\u00f3 en todo el continente. Hace 200 a\u00f1os, en Carabobo naci\u00f3 la chispa que encendi\u00f3 la libertad de toda Am\u00e9rica Latina. Nuestro pueblo rompi\u00f3 aqu\u00ed las cadenas de un imperio opresor\u00bb, agreg\u00f3.<\/p>\n\n\n\n<figure class=\"wp-block-image size-full\"><img fetchpriority=\"high\" decoding=\"async\" width=\"533\" height=\"800\" src=\"https:\/\/prensapresidencialvenezuela.gob.ve\/wp-content\/uploads\/2025\/06\/5048567880324591416.jpg\" alt=\"\" class=\"wp-image-20688\" srcset=\"https:\/\/prensapresidencialvenezuela.gob.ve\/wp-content\/uploads\/2025\/06\/5048567880324591416.jpg 533w, https:\/\/prensapresidencialvenezuela.gob.ve\/wp-content\/uploads\/2025\/06\/5048567880324591416-200x300.jpg 200w\" sizes=\"(max-width: 533px) 100vw, 533px\" \/><\/figure>\n\n\n\n<p><strong>Defensa de la Patria<\/strong><\/p>\n\n\n\n<p>\u00abJunto a usted (Presidente) hemos derrotado al asedio, la conspiraci\u00f3n, traici\u00f3n al bloqueo y mantenemos las puertas de par en par\u2026 Estamos dispuestos a morir defendiendo a la Patria, independencia y soberan\u00eda\u00bb, dijo el gobernador.<\/p>\n\n\n\n<p>Lacava finaliz\u00f3 diciendo que se compromete a sentar las bases de un futuro promisorio, con un estado que sea modelo en desarrollo econ\u00f3mico, industrial y tur\u00edstico, que impulse nuevos tiempos y apalanque un modelo productivo que capte nuevas inversiones y fortalezca el desarrollo del estado comunal. &nbsp;<\/p>\n\n\n\n<p>\u00abHoy renovamos el compromiso de seguir avanzando hacia el Carabobo sostenible, un estado donde la econom\u00eda circular, productiva, armonizada con el medio ambiente, y donde nos acercaremos a la aspiraci\u00f3n de dejar un sistema a las nuevas generaciones, sano puro y protegido\u00bb, precis\u00f3.<\/p>\n\n\n\n<p>Finalmente, asegur\u00f3 que trabajar\u00e1 por profundizar y fortalecer la Revoluci\u00f3n de los humildes.<\/p>\n\n\n\n<p><strong>Prensa Presidencial \/Iliana Rosales<\/strong><\/p>\n","protected":false},"excerpt":{"rendered":"<p>Campo de Carabobo.- El gobernador reci\u00e9n reelecto del estado Carabobo, Rafael Lacava, fue juramentado este jueves 5 de junio. En su discurso, afirm\u00f3 que su entidad sigue siendo uno de los bastiones m\u00e1s fuertes y consolidados de la Revoluci\u00f3n Bolivariana. Desde el inmortal Campo de Carabobo, asegur\u00f3 que quedaron atr\u00e1s los tiempos en los que [&hellip;]<\/p>\n","protected":false},"author":1,"featured_media":20687,"comment_status":"open","ping_status":"open","sticky":false,"template":"","format":"standard","meta":{"footnotes":""},"categories":[18,7],"tags":[],"class_list":["post-20686","post","type-post","status-publish","format-standard","has-post-thumbnail","hentry","category-noticias-principales","category-notas-de-prensa"],"_links":{"self":[{"href":"https:\/\/prensapresidencialvenezuela.gob.ve\/index.php\/wp-json\/wp\/v2\/posts\/20686","targetHints":{"allow":["GET"]}}],"collection":[{"href":"https:\/\/prensapresidencialvenezuela.gob.ve\/index.php\/wp-json\/wp\/v2\/posts"}],"about":[{"href":"https:\/\/prensapresidencialvenezuela.gob.ve\/index.php\/wp-json\/wp\/v2\/types\/post"}],"author":[{"embeddable":true,"href":"https:\/\/prensapresidencialvenezuela.gob.ve\/index.php\/wp-json\/wp\/v2\/users\/1"}],"replies":[{"embeddable":true,"href":"https:\/\/prensapresidencialvenezuela.gob.ve\/index.php\/wp-json\/wp\/v2\/comments?post=20686"}],"version-history":[{"count":2,"href":"https:\/\/prensapresidencialvenezuela.gob.ve\/index.php\/wp-json\/wp\/v2\/posts\/20686\/revisions"}],"predecessor-version":[{"id":20702,"href":"https:\/\/prensapresidencialvenezuela.gob.ve\/index.php\/wp-json\/wp\/v2\/posts\/20686\/revisions\/20702"}],"wp:featuredmedia":[{"embeddable":true,"href":"https:\/\/prensapresidencialvenezuela.gob.ve\/index.php\/wp-json\/wp\/v2\/media\/20687"}],"wp:attachment":[{"href":"https:\/\/prensapresidencialvenezuela.gob.ve\/index.php\/wp-json\/wp\/v2\/media?parent=20686"}],"wp:term":[{"taxonomy":"category","embeddable":true,"href":"https:\/\/prensapresidencialvenezuela.gob.ve\/index.php\/wp-json\/wp\/v2\/categories?post=20686"},{"taxonomy":"post_tag","embeddable":true,"href":"https:\/\/prensapresidencialvenezuela.gob.ve\/index.php\/wp-json\/wp\/v2\/tags?post=20686"}],"curies":[{"name":"wp","href":"https:\/\/api.w.org\/{rel}","templated":true}]}}