{"id":20695,"date":"2025-06-05T23:25:34","date_gmt":"2025-06-06T03:25:34","guid":{"rendered":"https:\/\/prensapresidencialvenezuela.gob.ve\/?p=20695"},"modified":"2025-06-06T10:35:24","modified_gmt":"2025-06-06T14:35:24","slug":"presidente-ratifica-su-compromiso-con-los-circuitos-comunales-con-mas-participacion-el-pasado-25-de-mayo-en-carabobo","status":"publish","type":"post","link":"https:\/\/prensapresidencialvenezuela.gob.ve\/index.php\/2025\/06\/05\/presidente-ratifica-su-compromiso-con-los-circuitos-comunales-con-mas-participacion-el-pasado-25-de-mayo-en-carabobo\/","title":{"rendered":"#25M cerr\u00f3 con compromiso reforzado hacia los Circuitos Comunales en Carabobo"},"content":{"rendered":"\n<p><strong>Arco de triunfo del estado Carabobo. \u2013<\/strong>\u00a0El presidente de la Rep\u00fablica Bolivariana de Venezuela, Nicol\u00e1s Maduro Moros, reiter\u00f3 su compromiso con los diez Circuitos Comunales que registraron mayor participaci\u00f3n en Carabobo durante el acto del 25 de mayo. El Mandatario visit\u00f3 el estado para respaldar estas estructuras y garantizar su fortalecimiento.<\/p>\n\n\n\n<p>Adem\u00e1s, confirm\u00f3 que los monitores de la corporaci\u00f3n \u00abJuntos Todo Es Posible\u00bb ya est\u00e1n desplegados en las asambleas ciudadanas. Su labor \u2014precis\u00f3\u2014 permitir\u00e1 iniciar formalmente el trabajo con estos circuitos a partir de la pr\u00f3xima semana.<\/p>\n\n\n\n<ul class=\"wp-block-list\">\n<li>Circuito Comunal 4 de febrero, de Miguel Pe\u00f1a<\/li>\n\n\n\n<li>Circuito Comunal \u00abEl Legado, de Bol\u00edvar y Ch\u00e1vez\u00bb<\/li>\n\n\n\n<li>Circuito Comunal Guerrera de Tacarigua<\/li>\n\n\n\n<li>Circuito Comunal Circuito 9 de Valencia<\/li>\n\n\n\n<li>Circuito Comunal Vivir\u00e1s por Siempre<\/li>\n\n\n\n<li>Circuito Comunal Hugo Ch\u00e1vez, de Miguel Pe\u00f1a<\/li>\n\n\n\n<li>Circuito Comunal Agrotur\u00edstica, en Santa Cruz de Alpargat\u00f3n<\/li>\n\n\n\n<li>Circuito Comunal Socialista Jos\u00e9 Mart\u00ed<\/li>\n\n\n\n<li>Circuito Comunal Cimarr\u00f3n Andr\u00e9sote<\/li>\n\n\n\n<li>Circuito Comunal El Oro del Pueblo<\/li>\n<\/ul>\n\n\n\n<p>El jefe de Estado subray\u00f3 que el Gobierno revolucionario avanza en la construcci\u00f3n de una sociedad sustentada en los valores de una nueva civilizaci\u00f3n. \u00abEl camino es profundizar la democracia del pueblo y para el pueblo\u00bb, afirm\u00f3.<\/p>\n\n\n\n<figure class=\"wp-block-image size-full\"><img fetchpriority=\"high\" decoding=\"async\" width=\"720\" height=\"720\" src=\"https:\/\/prensapresidencialvenezuela.gob.ve\/wp-content\/uploads\/2025\/06\/5048744961826206090.jpg\" alt=\"\" class=\"wp-image-20696\" srcset=\"https:\/\/prensapresidencialvenezuela.gob.ve\/wp-content\/uploads\/2025\/06\/5048744961826206090.jpg 720w, https:\/\/prensapresidencialvenezuela.gob.ve\/wp-content\/uploads\/2025\/06\/5048744961826206090-300x300.jpg 300w, https:\/\/prensapresidencialvenezuela.gob.ve\/wp-content\/uploads\/2025\/06\/5048744961826206090-150x150.jpg 150w\" sizes=\"(max-width: 720px) 100vw, 720px\" \/><\/figure>\n\n\n\n<p>El Mandatario inform\u00f3 al gobernador Lacava sobre la disposici\u00f3n de 173 nuevas sedes gubernamentales. \u00abEstar en el territorio es fundamental para transformar lo necesario y materializar los proyectos comunitarios\u00bb, explic\u00f3.<\/p>\n\n\n\n<p>Por su parte, la Primera Dama reconoci\u00f3 el compromiso del gobernador carabobe\u00f1o con su pueblo, destacando su labor para mantener a Carabobo como \u00abuna entidad libre, soberana, productiva y ejemplo para el mundo.\u00bb<\/p>\n\n\n\n<p><strong>Prensa Presidencial\/ Irmary D\u00edaz<\/strong><\/p>\n","protected":false},"excerpt":{"rendered":"<p>Arco de triunfo del estado Carabobo. \u2013\u00a0El presidente de la Rep\u00fablica Bolivariana de Venezuela, Nicol\u00e1s Maduro Moros, reiter\u00f3 su compromiso con los diez Circuitos Comunales que registraron mayor participaci\u00f3n en Carabobo durante el acto del 25 de mayo. El Mandatario visit\u00f3 el estado para respaldar estas estructuras y garantizar su fortalecimiento. Adem\u00e1s, confirm\u00f3 que los [&hellip;]<\/p>\n","protected":false},"author":15,"featured_media":20667,"comment_status":"open","ping_status":"open","sticky":false,"template":"","format":"standard","meta":{"footnotes":""},"categories":[18,7],"tags":[],"class_list":["post-20695","post","type-post","status-publish","format-standard","has-post-thumbnail","hentry","category-noticias-principales","category-notas-de-prensa"],"_links":{"self":[{"href":"https:\/\/prensapresidencialvenezuela.gob.ve\/index.php\/wp-json\/wp\/v2\/posts\/20695","targetHints":{"allow":["GET"]}}],"collection":[{"href":"https:\/\/prensapresidencialvenezuela.gob.ve\/index.php\/wp-json\/wp\/v2\/posts"}],"about":[{"href":"https:\/\/prensapresidencialvenezuela.gob.ve\/index.php\/wp-json\/wp\/v2\/types\/post"}],"author":[{"embeddable":true,"href":"https:\/\/prensapresidencialvenezuela.gob.ve\/index.php\/wp-json\/wp\/v2\/users\/15"}],"replies":[{"embeddable":true,"href":"https:\/\/prensapresidencialvenezuela.gob.ve\/index.php\/wp-json\/wp\/v2\/comments?post=20695"}],"version-history":[{"count":2,"href":"https:\/\/prensapresidencialvenezuela.gob.ve\/index.php\/wp-json\/wp\/v2\/posts\/20695\/revisions"}],"predecessor-version":[{"id":20700,"href":"https:\/\/prensapresidencialvenezuela.gob.ve\/index.php\/wp-json\/wp\/v2\/posts\/20695\/revisions\/20700"}],"wp:featuredmedia":[{"embeddable":true,"href":"https:\/\/prensapresidencialvenezuela.gob.ve\/index.php\/wp-json\/wp\/v2\/media\/20667"}],"wp:attachment":[{"href":"https:\/\/prensapresidencialvenezuela.gob.ve\/index.php\/wp-json\/wp\/v2\/media?parent=20695"}],"wp:term":[{"taxonomy":"category","embeddable":true,"href":"https:\/\/prensapresidencialvenezuela.gob.ve\/index.php\/wp-json\/wp\/v2\/categories?post=20695"},{"taxonomy":"post_tag","embeddable":true,"href":"https:\/\/prensapresidencialvenezuela.gob.ve\/index.php\/wp-json\/wp\/v2\/tags?post=20695"}],"curies":[{"name":"wp","href":"https:\/\/api.w.org\/{rel}","templated":true}]}}