{"id":20716,"date":"2025-06-08T12:58:08","date_gmt":"2025-06-08T16:58:08","guid":{"rendered":"https:\/\/prensapresidencialvenezuela.gob.ve\/?p=20716"},"modified":"2025-06-08T12:58:10","modified_gmt":"2025-06-08T16:58:10","slug":"pueblo-venezolano-firme-ejemplo-ante-el-mundo-de-organizacion-de-las-bases-en-el-territorio","status":"publish","type":"post","link":"https:\/\/prensapresidencialvenezuela.gob.ve\/index.php\/2025\/06\/08\/pueblo-venezolano-firme-ejemplo-ante-el-mundo-de-organizacion-de-las-bases-en-el-territorio\/","title":{"rendered":"Pueblo venezolano: Firme ejemplo ante el mundo de organizaci\u00f3n de las bases, en el territorio"},"content":{"rendered":"\n<p><strong>Palacio de Miraflores, Caracas.-<\/strong> A trav\u00e9s de su cuenta oficial en Instagram, el presidente de la Rep\u00fablica Bolivariana de Venezuela, Nicol\u00e1s Maduro Moros, destac\u00f3 que el pueblo organizado ha demostrado que en el pa\u00eds se vive una democracia participativa y protag\u00f3nica, que se mantiene activa y vibrante como un firme ejemplo ante el mundo.<\/p>\n\n\n\n<p><br>Asimismo, reiter\u00f3 que en Venezuela quien tiene el poder es el pueblo, y por este motivo, felicit\u00f3 a la militancia del pa\u00eds, al pueblo de a pie y a las bases populares que se han mantenido presentes en las asambleas de postulaci\u00f3n de los candidatos y candidatas para las Alcald\u00edas y los Concejos Municipales de la Naci\u00f3n.<\/p>\n\n\n\n<blockquote class=\"wp-block-quote is-layout-flow wp-block-quote-is-layout-flow\">\n<p>\u00abEl pueblo movilizado, combativo, dispuesto y aguerrido, dijo: \u00a1Yo s\u00ed participo!, los liderazgos en cada Circuito Comunal, este 7 de junio, tambi\u00e9n se hicieron sentir en las asambleas\u00bb, subray\u00f3 el jefe de Estado.<br>Al mismo tiempo, el Mandatario ha resaltado que la decisi\u00f3n de quienes ser\u00e1n los que dirigir\u00e1n los 335 municipios del pa\u00eds, es la juventud, las abuelas, los abuelos, las vecinas y los vecinos; porque son los que han postulado desde el territorio a sus representantes.<\/p>\n<\/blockquote>\n\n\n\n<p>\u00abQue surjan de all\u00ed los nombres m\u00e1s aptos, de mayor compromiso y moral. \u00a1Gente que resuelva! \u00a1Eso queremos! \u00bb, manifest\u00f3 el Presidente para recordar que el liderazgo viene desde las comunidades.<\/p>\n\n\n\n<p>En este contexto, es importante mencionar que el pasado viernes 5 de junio, el secretario general del Partido Socialista Unido de Venezuela (Psuv), Diosdado Cabello, detall\u00f3 que las asambleas deb\u00edan ser una consulta abierta y popular, amplias, convocantes, de encuentro fraterno, incluyente, unitario, solidario y de iguales, pero adem\u00e1s, que contribuyeran al fortalecimiento de la unidad y la moral del pueblo.<\/p>\n\n\n\n<p><strong>Prensa Presidencial\/ Irmary D\u00edaz<\/strong><\/p>\n\n\n\n<p><\/p>\n","protected":false},"excerpt":{"rendered":"<p>Palacio de Miraflores, Caracas.- A trav\u00e9s de su cuenta oficial en Instagram, el presidente de la Rep\u00fablica Bolivariana de Venezuela, Nicol\u00e1s Maduro Moros, destac\u00f3 que el pueblo organizado ha demostrado que en el pa\u00eds se vive una democracia participativa y protag\u00f3nica, que se mantiene activa y vibrante como un firme ejemplo ante el mundo. Asimismo, [&hellip;]<\/p>\n","protected":false},"author":1,"featured_media":20717,"comment_status":"open","ping_status":"open","sticky":false,"template":"","format":"standard","meta":{"footnotes":""},"categories":[18,7],"tags":[],"class_list":["post-20716","post","type-post","status-publish","format-standard","has-post-thumbnail","hentry","category-noticias-principales","category-notas-de-prensa"],"_links":{"self":[{"href":"https:\/\/prensapresidencialvenezuela.gob.ve\/index.php\/wp-json\/wp\/v2\/posts\/20716","targetHints":{"allow":["GET"]}}],"collection":[{"href":"https:\/\/prensapresidencialvenezuela.gob.ve\/index.php\/wp-json\/wp\/v2\/posts"}],"about":[{"href":"https:\/\/prensapresidencialvenezuela.gob.ve\/index.php\/wp-json\/wp\/v2\/types\/post"}],"author":[{"embeddable":true,"href":"https:\/\/prensapresidencialvenezuela.gob.ve\/index.php\/wp-json\/wp\/v2\/users\/1"}],"replies":[{"embeddable":true,"href":"https:\/\/prensapresidencialvenezuela.gob.ve\/index.php\/wp-json\/wp\/v2\/comments?post=20716"}],"version-history":[{"count":2,"href":"https:\/\/prensapresidencialvenezuela.gob.ve\/index.php\/wp-json\/wp\/v2\/posts\/20716\/revisions"}],"predecessor-version":[{"id":20719,"href":"https:\/\/prensapresidencialvenezuela.gob.ve\/index.php\/wp-json\/wp\/v2\/posts\/20716\/revisions\/20719"}],"wp:featuredmedia":[{"embeddable":true,"href":"https:\/\/prensapresidencialvenezuela.gob.ve\/index.php\/wp-json\/wp\/v2\/media\/20717"}],"wp:attachment":[{"href":"https:\/\/prensapresidencialvenezuela.gob.ve\/index.php\/wp-json\/wp\/v2\/media?parent=20716"}],"wp:term":[{"taxonomy":"category","embeddable":true,"href":"https:\/\/prensapresidencialvenezuela.gob.ve\/index.php\/wp-json\/wp\/v2\/categories?post=20716"},{"taxonomy":"post_tag","embeddable":true,"href":"https:\/\/prensapresidencialvenezuela.gob.ve\/index.php\/wp-json\/wp\/v2\/tags?post=20716"}],"curies":[{"name":"wp","href":"https:\/\/api.w.org\/{rel}","templated":true}]}}