{"id":2076,"date":"2022-05-27T18:35:00","date_gmt":"2022-05-27T18:35:00","guid":{"rendered":"http:\/\/172.27.0.121\/?p=2076"},"modified":"2022-07-01T18:37:21","modified_gmt":"2022-07-01T18:37:21","slug":"alba-es-el-camino-de-la-liberacion-de-los-pueblos","status":"publish","type":"post","link":"https:\/\/prensapresidencialvenezuela.gob.ve\/index.php\/2022\/05\/27\/alba-es-el-camino-de-la-liberacion-de-los-pueblos\/","title":{"rendered":"ALBA es el camino de la liberaci\u00f3n de los pueblos"},"content":{"rendered":"\n<p><strong>La Habana, Cuba.-<\/strong> \u201cNuestro camino es el camino de la uni\u00f3n, la liberaci\u00f3n; el ALBA (TCP) es el camino de la liberaci\u00f3n de los pueblos.<\/p>\n\n\n\n<p>Las palabras corresponden al presidente de la Rep\u00fablica, Nicol\u00e1s Maduro Moros, a su llegada al Palacio de la Revoluci\u00f3n, para participar en la XXI Cumbre de la Alianza Bolivariana para los Pueblos de Nuestra Am\u00e9rtica, Tratado de Libre Comercio (ALBA-TCP).<\/p>\n\n\n\n<p>\u201cSi hay algo democr\u00e1tico en el continente y en las Am\u00e9ricas es el ALBA, es la organizaci\u00f3n m\u00e1s democr\u00e1tica, desde el punto de vista de sus debates y en el compartir la diversidad de lo que es nuestro continente: Suram\u00e9rica, Centroam\u00e9rica y el Caribe\u201d, subray\u00f3.<\/p>\n\n\n\n<p>El Jefe de Estado preciso que la reuni\u00f3n de la alianza fijar\u00e1 su posici\u00f3n clara sobre la reuni\u00f3n que est\u00e1n convocando en la ciudad de Los \u00c1ngeles (EEUU).<\/p>\n\n\n\n<p>\u00abNos hemos convocado para fijar una posici\u00f3n muy clara y contundente&nbsp; sobre la reuni\u00f3n que est\u00e1n convocando en Los \u00c1ngeles. Un rechazo firme y absoluto a la visi\u00f3n imperial que pretende excluir a los pueblos de las Am\u00e9ricas\u00bb, puntualiz\u00f3.<\/p>\n\n\n\n<p>En este contexto, el Jefe de Estado destac\u00f3 el firme rechazo, en v\u00edsperas de la Cumbre de las Am\u00e9ricas que apuesta a la exclusi\u00f3n por razones ideol\u00f3gicas.<\/p>\n\n\n\n<p>\u201cLos pueblos de las Am\u00e9ricas estamos hoy m\u00e1s que nunca claros de lo que es nuestro destino. Nuestro destino es la uni\u00f3n, la liberaci\u00f3n y el ALBA es el camino\u201d, ratific\u00f3 el Dignatario.<\/p>\n\n\n\n<p>\u201cEstamos muy felices que La Habana, Cuba, una vez m\u00e1s el epicentro sobre la uni\u00f3n y la liberaci\u00f3n de Am\u00e9rica Latina y el Caribe\u201d, destac\u00f3.<\/p>\n\n\n\n<p><strong>Prensa Presidencial\/Eduardo Hueck<\/strong><\/p>\n","protected":false},"excerpt":{"rendered":"<p>La Habana, Cuba.- \u201cNuestro camino es el camino de la uni\u00f3n, la liberaci\u00f3n; el ALBA (TCP) es el camino de la liberaci\u00f3n de los pueblos. Las palabras corresponden al presidente de la Rep\u00fablica, Nicol\u00e1s Maduro Moros, a su llegada al Palacio de la Revoluci\u00f3n, para participar en la XXI Cumbre de la Alianza Bolivariana para [&hellip;]<\/p>\n","protected":false},"author":6,"featured_media":2077,"comment_status":"open","ping_status":"open","sticky":false,"template":"","format":"standard","meta":{"footnotes":""},"categories":[7],"tags":[],"class_list":["post-2076","post","type-post","status-publish","format-standard","has-post-thumbnail","hentry","category-notas-de-prensa"],"_links":{"self":[{"href":"https:\/\/prensapresidencialvenezuela.gob.ve\/index.php\/wp-json\/wp\/v2\/posts\/2076","targetHints":{"allow":["GET"]}}],"collection":[{"href":"https:\/\/prensapresidencialvenezuela.gob.ve\/index.php\/wp-json\/wp\/v2\/posts"}],"about":[{"href":"https:\/\/prensapresidencialvenezuela.gob.ve\/index.php\/wp-json\/wp\/v2\/types\/post"}],"author":[{"embeddable":true,"href":"https:\/\/prensapresidencialvenezuela.gob.ve\/index.php\/wp-json\/wp\/v2\/users\/6"}],"replies":[{"embeddable":true,"href":"https:\/\/prensapresidencialvenezuela.gob.ve\/index.php\/wp-json\/wp\/v2\/comments?post=2076"}],"version-history":[{"count":1,"href":"https:\/\/prensapresidencialvenezuela.gob.ve\/index.php\/wp-json\/wp\/v2\/posts\/2076\/revisions"}],"predecessor-version":[{"id":2078,"href":"https:\/\/prensapresidencialvenezuela.gob.ve\/index.php\/wp-json\/wp\/v2\/posts\/2076\/revisions\/2078"}],"wp:featuredmedia":[{"embeddable":true,"href":"https:\/\/prensapresidencialvenezuela.gob.ve\/index.php\/wp-json\/wp\/v2\/media\/2077"}],"wp:attachment":[{"href":"https:\/\/prensapresidencialvenezuela.gob.ve\/index.php\/wp-json\/wp\/v2\/media?parent=2076"}],"wp:term":[{"taxonomy":"category","embeddable":true,"href":"https:\/\/prensapresidencialvenezuela.gob.ve\/index.php\/wp-json\/wp\/v2\/categories?post=2076"},{"taxonomy":"post_tag","embeddable":true,"href":"https:\/\/prensapresidencialvenezuela.gob.ve\/index.php\/wp-json\/wp\/v2\/tags?post=2076"}],"curies":[{"name":"wp","href":"https:\/\/api.w.org\/{rel}","templated":true}]}}