{"id":2086,"date":"2022-05-27T19:15:00","date_gmt":"2022-05-27T19:15:00","guid":{"rendered":"http:\/\/172.27.0.121\/?p=2086"},"modified":"2022-07-01T19:16:27","modified_gmt":"2022-07-01T19:16:27","slug":"ee-uu-utiliza-sistema-interamericano-en-funcion-de-objetivos-hegemonicos","status":"publish","type":"post","link":"https:\/\/prensapresidencialvenezuela.gob.ve\/index.php\/2022\/05\/27\/ee-uu-utiliza-sistema-interamericano-en-funcion-de-objetivos-hegemonicos\/","title":{"rendered":"EE.UU. utiliza sistema interamericano en funci\u00f3n de objetivos hegem\u00f3nicos"},"content":{"rendered":"\n<p><strong>La Habana, Cuba.- <\/strong>La exclusi\u00f3n por razones ideol\u00f3gicas de Cuba, Nicaragua y Venezuela de la Cumbre de las Am\u00e9ricas, que iniciar\u00e1 el pr\u00f3ximo 6 de junio, confirma el inter\u00e9s de Estados Unidos \u201cpor controlar el sistema interamericano para utilizarlo en funci\u00f3n de objetivos hegem\u00f3nicos e imponer un poder fiscalizador de la democracia\u201d.<\/p>\n\n\n\n<p>En palabras del presidente de la Rep\u00fablica de Cuba, Miguel D\u00edaz-Canel, la posici\u00f3n de EE.UU. apunta a la adopci\u00f3n de conceptos injerencistas \u201csin tener en cuenta los criterios de todos y excluyendo a pa\u00edses que tienen mucho que aportar\u201d sobre los temas centrales de la Cumbre de las Am\u00e9ricas.<\/p>\n\n\n\n<p>\u201cDicen ser promotores de la democracia que deliberadamente confunden con su sistema, pero no son capaces de asegurar un espacio plural. Pretenden estar interesados en una relaci\u00f3n constructiva con nuestra regi\u00f3n, pero irrespetan las diferencias\u201d, afirm\u00f3 durante la XXI Cumbre de la Alianza Bolivariana de los Pueblos de Nuestra Am\u00e9rica \u2013 Tratado de Comercio de los Pueblos (ALBA-TCP).<\/p>\n\n\n\n<p>Desde el Palacio de la Revoluci\u00f3n, ubicado en Cuba, se\u00f1al\u00f3 que EE.UU. silencia el justo reclamo de gobiernos que, de forma p\u00fablica, en\u00e9rgica y digna, abogan por una convocatoria que incluya a los pa\u00edses del hemisferio.<\/p>\n\n\n\n<p>\u201cUna Am\u00e9rica Latina y el Caribe unida en su diversidad, con voz firme y propia, articulada en la coordinaci\u00f3n de nuestras estrategias de desarrollo y la defensa de la soberan\u00eda resulta esencial. Fragmentados podr\u00edan ignorar a cada uno de nuestros representantes, unidos nadie podr\u00e1 silenciarnos\u201d, sentenci\u00f3.<\/p>\n\n\n\n<p>D\u00edaz-Canel asever\u00f3 que \u201cel car\u00e1cter de las relaciones hemisf\u00e9ricas debe cambiar\u201d, dado que \u201ces inaceptable la pol\u00edtica de subordinaci\u00f3n de muchos al mandato de uno solo, por poderoso que este sea\u201d.<\/p>\n\n\n\n<p>\u201cNuestra Am\u00e9rica cambi\u00f3, ya no son posibles las exclusiones. La decisi\u00f3n de no invitar a todos es un retroceso hist\u00f3rico y todos los pa\u00edses deben ser invitados en condiciones de igualdad. Es irrespetuoso y lesivo a la soberan\u00eda de las naciones pretender decidir \u2013desde la privilegiada posici\u00f3n del anfitri\u00f3n- quienes la representan\u201d, asever\u00f3.<\/p>\n\n\n\n<p>Ante las maniobras de exclusi\u00f3n, D\u00edaz-Canel subray\u00f3 que es imprescindible afianzar los mecanismos de integraci\u00f3n latinoamericanos y caribe\u00f1os. En este sentido, destac\u00f3 la necesidad de defender al ALBA-TCP como referente de concertaci\u00f3n e impulsor de proyectos de cooperaci\u00f3n que tributan a una regi\u00f3n econ\u00f3mica y pol\u00edticamente m\u00e1s independiente.<\/p>\n\n\n\n<p>\u201cLlamamos a unir, no a dividir, a sumar, no a restar, a dialogar, no a confrontar, a respetar, no a&nbsp; imponer\u201d, puntualiz\u00f3.<\/p>\n\n\n\n<p><strong>Prensa Presidencial\/Karelis Gonz\u00e1lez<\/strong><\/p>\n","protected":false},"excerpt":{"rendered":"<p>La Habana, Cuba.- La exclusi\u00f3n por razones ideol\u00f3gicas de Cuba, Nicaragua y Venezuela de la Cumbre de las Am\u00e9ricas, que iniciar\u00e1 el pr\u00f3ximo 6 de junio, confirma el inter\u00e9s de Estados Unidos \u201cpor controlar el sistema interamericano para utilizarlo en funci\u00f3n de objetivos hegem\u00f3nicos e imponer un poder fiscalizador de la democracia\u201d. En palabras del [&hellip;]<\/p>\n","protected":false},"author":6,"featured_media":2087,"comment_status":"open","ping_status":"open","sticky":false,"template":"","format":"standard","meta":{"footnotes":""},"categories":[7],"tags":[],"class_list":["post-2086","post","type-post","status-publish","format-standard","has-post-thumbnail","hentry","category-notas-de-prensa"],"_links":{"self":[{"href":"https:\/\/prensapresidencialvenezuela.gob.ve\/index.php\/wp-json\/wp\/v2\/posts\/2086","targetHints":{"allow":["GET"]}}],"collection":[{"href":"https:\/\/prensapresidencialvenezuela.gob.ve\/index.php\/wp-json\/wp\/v2\/posts"}],"about":[{"href":"https:\/\/prensapresidencialvenezuela.gob.ve\/index.php\/wp-json\/wp\/v2\/types\/post"}],"author":[{"embeddable":true,"href":"https:\/\/prensapresidencialvenezuela.gob.ve\/index.php\/wp-json\/wp\/v2\/users\/6"}],"replies":[{"embeddable":true,"href":"https:\/\/prensapresidencialvenezuela.gob.ve\/index.php\/wp-json\/wp\/v2\/comments?post=2086"}],"version-history":[{"count":1,"href":"https:\/\/prensapresidencialvenezuela.gob.ve\/index.php\/wp-json\/wp\/v2\/posts\/2086\/revisions"}],"predecessor-version":[{"id":2088,"href":"https:\/\/prensapresidencialvenezuela.gob.ve\/index.php\/wp-json\/wp\/v2\/posts\/2086\/revisions\/2088"}],"wp:featuredmedia":[{"embeddable":true,"href":"https:\/\/prensapresidencialvenezuela.gob.ve\/index.php\/wp-json\/wp\/v2\/media\/2087"}],"wp:attachment":[{"href":"https:\/\/prensapresidencialvenezuela.gob.ve\/index.php\/wp-json\/wp\/v2\/media?parent=2086"}],"wp:term":[{"taxonomy":"category","embeddable":true,"href":"https:\/\/prensapresidencialvenezuela.gob.ve\/index.php\/wp-json\/wp\/v2\/categories?post=2086"},{"taxonomy":"post_tag","embeddable":true,"href":"https:\/\/prensapresidencialvenezuela.gob.ve\/index.php\/wp-json\/wp\/v2\/tags?post=2086"}],"curies":[{"name":"wp","href":"https:\/\/api.w.org\/{rel}","templated":true}]}}