{"id":20867,"date":"2025-06-16T19:47:29","date_gmt":"2025-06-16T23:47:29","guid":{"rendered":"https:\/\/prensapresidencialvenezuela.gob.ve\/?p=20867"},"modified":"2025-06-16T19:47:30","modified_gmt":"2025-06-16T23:47:30","slug":"diputados-y-diputadas-de-la-an-participaran-en-taller-estrategico-este-17-de-junio","status":"publish","type":"post","link":"https:\/\/prensapresidencialvenezuela.gob.ve\/index.php\/2025\/06\/16\/diputados-y-diputadas-de-la-an-participaran-en-taller-estrategico-este-17-de-junio\/","title":{"rendered":"Diputados y Diputadas de la AN participar\u00e1n en taller estrat\u00e9gico este 17 de junio"},"content":{"rendered":"\n<p><strong>Palacio de Miraflores, Caracas.- <\/strong>\u00abMa\u00f1ana tenemos el taller con todos los diputados y diputadas del Gran Polo Patri\u00f3tico Sim\u00f3n Bol\u00edvar (GPPSB) y del Partido Socialista Unido de Venezuela (PSUV)\u00bb, inform\u00f3 el presidente de la Rep\u00fablica Bolivariana de Venezuela, Nicol\u00e1s Maduro Moros.<\/p>\n\n\n\n<p>Durante su programa habitual <em>Con Maduro +,<\/em> el jefe de Estado destac\u00f3 que la nueva Asamblea Nacional (AN), que obtuvo la victoria el pasado 25 de mayo, y que asumir\u00e1 la AN desde el 5 de enero del 2026, tiene que \u00abprepararse para ser mejor, m\u00e1s poderosa y m\u00e1s trabajadora\u00bb.<\/p>\n\n\n\n<p>Por consiguiente, el Mandatario exhort\u00f3 a cada uno de los diputados y diputados de la AN, a salir a las calles y escuchar al pueblo, a consultar a toda la sociedad venezolana, ir a los liceos y universidades, para que den su opini\u00f3n sobre el futuro de Venezuela de aqu\u00ed a 50 a\u00f1os y c\u00f3mo debe reformarse para mejorar, ampliar y perfeccionar la Constituci\u00f3n.<\/p>\n\n\n\n<p>En este contexto, el Presidente record\u00f3 y exalt\u00f3 al mismo tiempo que ya fue escrita una Constituci\u00f3n bajo el mando del comandante Hugo Ch\u00e1vez en 1999, que \u00abya tiene 26 a\u00f1os y ha sido la m\u00e1s garantista, m\u00e1s funcional, m\u00e1s hermosa y m\u00e1s completa de la historia de 200 a\u00f1os de Rep\u00fablica\u00bb.<\/p>\n\n\n\n<p>Por ello, el l\u00edder venezolano enfatiz\u00f3 que la AN tiene grandes retos por asumir y, entre ellos, est\u00e1 uno muy importante para el pa\u00eds, la Reforma Constitucional.<\/p>\n\n\n\n<p><strong>Prensa Presidencial\/ Irmary D\u00edaz<\/strong><\/p>\n","protected":false},"excerpt":{"rendered":"<p>Palacio de Miraflores, Caracas.- \u00abMa\u00f1ana tenemos el taller con todos los diputados y diputadas del Gran Polo Patri\u00f3tico Sim\u00f3n Bol\u00edvar (GPPSB) y del Partido Socialista Unido de Venezuela (PSUV)\u00bb, inform\u00f3 el presidente de la Rep\u00fablica Bolivariana de Venezuela, Nicol\u00e1s Maduro Moros. Durante su programa habitual Con Maduro +, el jefe de Estado destac\u00f3 que la [&hellip;]<\/p>\n","protected":false},"author":1,"featured_media":20868,"comment_status":"open","ping_status":"open","sticky":false,"template":"","format":"standard","meta":{"footnotes":""},"categories":[18,7],"tags":[],"class_list":["post-20867","post","type-post","status-publish","format-standard","has-post-thumbnail","hentry","category-noticias-principales","category-notas-de-prensa"],"_links":{"self":[{"href":"https:\/\/prensapresidencialvenezuela.gob.ve\/index.php\/wp-json\/wp\/v2\/posts\/20867","targetHints":{"allow":["GET"]}}],"collection":[{"href":"https:\/\/prensapresidencialvenezuela.gob.ve\/index.php\/wp-json\/wp\/v2\/posts"}],"about":[{"href":"https:\/\/prensapresidencialvenezuela.gob.ve\/index.php\/wp-json\/wp\/v2\/types\/post"}],"author":[{"embeddable":true,"href":"https:\/\/prensapresidencialvenezuela.gob.ve\/index.php\/wp-json\/wp\/v2\/users\/1"}],"replies":[{"embeddable":true,"href":"https:\/\/prensapresidencialvenezuela.gob.ve\/index.php\/wp-json\/wp\/v2\/comments?post=20867"}],"version-history":[{"count":1,"href":"https:\/\/prensapresidencialvenezuela.gob.ve\/index.php\/wp-json\/wp\/v2\/posts\/20867\/revisions"}],"predecessor-version":[{"id":20869,"href":"https:\/\/prensapresidencialvenezuela.gob.ve\/index.php\/wp-json\/wp\/v2\/posts\/20867\/revisions\/20869"}],"wp:featuredmedia":[{"embeddable":true,"href":"https:\/\/prensapresidencialvenezuela.gob.ve\/index.php\/wp-json\/wp\/v2\/media\/20868"}],"wp:attachment":[{"href":"https:\/\/prensapresidencialvenezuela.gob.ve\/index.php\/wp-json\/wp\/v2\/media?parent=20867"}],"wp:term":[{"taxonomy":"category","embeddable":true,"href":"https:\/\/prensapresidencialvenezuela.gob.ve\/index.php\/wp-json\/wp\/v2\/categories?post=20867"},{"taxonomy":"post_tag","embeddable":true,"href":"https:\/\/prensapresidencialvenezuela.gob.ve\/index.php\/wp-json\/wp\/v2\/tags?post=20867"}],"curies":[{"name":"wp","href":"https:\/\/api.w.org\/{rel}","templated":true}]}}