{"id":20870,"date":"2025-06-16T19:51:55","date_gmt":"2025-06-16T23:51:55","guid":{"rendered":"https:\/\/prensapresidencialvenezuela.gob.ve\/?p=20870"},"modified":"2025-06-16T19:51:55","modified_gmt":"2025-06-16T23:51:55","slug":"gobierno-bolivariano-reabre-vuelos-directos-entre-venezuela-y-republica-dominicana","status":"publish","type":"post","link":"https:\/\/prensapresidencialvenezuela.gob.ve\/index.php\/2025\/06\/16\/gobierno-bolivariano-reabre-vuelos-directos-entre-venezuela-y-republica-dominicana\/","title":{"rendered":"Gobierno Bolivariano reabre vuelos directos entre Venezuela y Rep\u00fablica Dominicana"},"content":{"rendered":"\n<p><strong>Palacio de Miraflores, Caracas.-<\/strong> El presidente de la Rep\u00fablica Bolivariana de Venezuela, Nicol\u00e1s Maduro Moros, inform\u00f3 este lunes su decisi\u00f3n de reabrir los vuelos directos entre Caracas y Santo Domingo, a solicitud del pueblo venezolano que reside en Rep\u00fablica Dominicana.<\/p>\n\n\n\n<p>Durante la edici\u00f3n n\u00famero 82 de su programa semanal <em>Con Maduro+,<\/em> narr\u00f3 que el s\u00e1bado sostuvo un encuentro privado con la hija del merenguero dominicano Rubby P\u00e9rez, fallecido el pasado 8 de abril, para entregarle la nacionalidad post-mortem al cantante.<\/p>\n\n\n\n<p>En dicha cita, recibi\u00f3 a otros exponentes del g\u00e9nero, entre ellos, Sergio Vargas, quien en nombre de la comunidad dominicana y venezolana que vive en Santo Domingo, propuso que se reabrieran los vuelos directos entre las capitales de ambas naciones.<\/p>\n\n\n\n<h2 class=\"wp-block-heading alignwide\">\u00abYo le dije: \u201c\u00bfVerdad? Est\u00e1 bien, me parece bien. Est\u00e1 aprobado, vamos a abrirlos ma\u00f1ana mismo. Las aerol\u00edneas venezolanas est\u00e1n listas para viajar, estamos esperando solo por el instituto aeron\u00e1utico de [Rep\u00fablica] Dominicana\u201d\u00bb, sostuvo el Jefe de Estado, quien agradeci\u00f3 la visita de los merengueros.<\/h2>\n\n\n\n<p>Record\u00f3 que Zulinka P\u00e9rez, hija del fallecido Rubby P\u00e9rez, estuvo acompa\u00f1ada por Omar Enrique, Fernandito Villalona, Bonny Cepeda y Mabel Yeah, artistas que encabezaron el s\u00e1bado un concierto en homenaje al cantante conocido como \u00abLa voz m\u00e1s alta del Merengue\u00bb.<\/p>\n\n\n\n<p>\u00abQu\u00e9 Dios lo tenga en su gloria, en las alturas de sus bendiciones\u00bb, expres\u00f3 finalmente el presidente Maduro sobre el cantante Rubby P\u00e9rez.<\/p>\n\n\n\n<p><strong>Prensa Presidencial \/ Iliana Rosales<\/strong><\/p>\n","protected":false},"excerpt":{"rendered":"<p>Palacio de Miraflores, Caracas.- El presidente de la Rep\u00fablica Bolivariana de Venezuela, Nicol\u00e1s Maduro Moros, inform\u00f3 este lunes su decisi\u00f3n de reabrir los vuelos directos entre Caracas y Santo Domingo, a solicitud del pueblo venezolano que reside en Rep\u00fablica Dominicana. Durante la edici\u00f3n n\u00famero 82 de su programa semanal Con Maduro+, narr\u00f3 que el s\u00e1bado [&hellip;]<\/p>\n","protected":false},"author":1,"featured_media":20871,"comment_status":"open","ping_status":"open","sticky":false,"template":"","format":"standard","meta":{"footnotes":""},"categories":[18,7],"tags":[],"class_list":["post-20870","post","type-post","status-publish","format-standard","has-post-thumbnail","hentry","category-noticias-principales","category-notas-de-prensa"],"_links":{"self":[{"href":"https:\/\/prensapresidencialvenezuela.gob.ve\/index.php\/wp-json\/wp\/v2\/posts\/20870","targetHints":{"allow":["GET"]}}],"collection":[{"href":"https:\/\/prensapresidencialvenezuela.gob.ve\/index.php\/wp-json\/wp\/v2\/posts"}],"about":[{"href":"https:\/\/prensapresidencialvenezuela.gob.ve\/index.php\/wp-json\/wp\/v2\/types\/post"}],"author":[{"embeddable":true,"href":"https:\/\/prensapresidencialvenezuela.gob.ve\/index.php\/wp-json\/wp\/v2\/users\/1"}],"replies":[{"embeddable":true,"href":"https:\/\/prensapresidencialvenezuela.gob.ve\/index.php\/wp-json\/wp\/v2\/comments?post=20870"}],"version-history":[{"count":1,"href":"https:\/\/prensapresidencialvenezuela.gob.ve\/index.php\/wp-json\/wp\/v2\/posts\/20870\/revisions"}],"predecessor-version":[{"id":20872,"href":"https:\/\/prensapresidencialvenezuela.gob.ve\/index.php\/wp-json\/wp\/v2\/posts\/20870\/revisions\/20872"}],"wp:featuredmedia":[{"embeddable":true,"href":"https:\/\/prensapresidencialvenezuela.gob.ve\/index.php\/wp-json\/wp\/v2\/media\/20871"}],"wp:attachment":[{"href":"https:\/\/prensapresidencialvenezuela.gob.ve\/index.php\/wp-json\/wp\/v2\/media?parent=20870"}],"wp:term":[{"taxonomy":"category","embeddable":true,"href":"https:\/\/prensapresidencialvenezuela.gob.ve\/index.php\/wp-json\/wp\/v2\/categories?post=20870"},{"taxonomy":"post_tag","embeddable":true,"href":"https:\/\/prensapresidencialvenezuela.gob.ve\/index.php\/wp-json\/wp\/v2\/tags?post=20870"}],"curies":[{"name":"wp","href":"https:\/\/api.w.org\/{rel}","templated":true}]}}