{"id":20873,"date":"2025-06-16T20:20:35","date_gmt":"2025-06-17T00:20:35","guid":{"rendered":"https:\/\/prensapresidencialvenezuela.gob.ve\/?p=20873"},"modified":"2025-06-16T20:20:36","modified_gmt":"2025-06-17T00:20:36","slug":"venezuela-aumenta-sus-exportaciones-no-petroleras-a-mas-del-87","status":"publish","type":"post","link":"https:\/\/prensapresidencialvenezuela.gob.ve\/index.php\/2025\/06\/16\/venezuela-aumenta-sus-exportaciones-no-petroleras-a-mas-del-87\/","title":{"rendered":"Venezuela aumenta sus exportaciones no petroleras a m\u00e1s del 87%"},"content":{"rendered":"\n<p><strong>Palacio de Miraflores, Caracas<\/strong>.- El presidente de la Rep\u00fablica Bolivariana de Venezuela, Nicol\u00e1s Maduro Moros, llam\u00f3 este lunes a fortalecer los 13 Motores Productivos y a crear nuevas importaciones para fortalecer la independencia econ\u00f3mica del pa\u00eds.<\/p>\n\n\n\n<p>Durante la edici\u00f3n n\u00famero 82 del programa \u00abCon Maduro+\u00bb, en la secci\u00f3n Zona Digital, el jefe de Estado celebr\u00f3 que el pa\u00eds incrementara a 87% las exportaciones no petroleras. \u00abNosotros tenemos que desarrollar los 13 motores, que est\u00e1n prendidos, tenemos que consolidar la producci\u00f3n nacional, la sustituci\u00f3n de importaciones, y la creaci\u00f3n de nuevas importaciones\u00bb, sostuvo.<\/p>\n\n\n\n<p>En tal sentido, invit\u00f3 a desarrollar dos tipos de \u00abcircuitos virtuosos de producci\u00f3n nacional\u00bb: 1) Uno que produzca todo en Venezuela y basado en la moneda nacional y 2) Nuevas exportaciones para generar divisas m\u00e1s all\u00e1 del petr\u00f3leo.<\/p>\n\n\n\n<h2 class=\"wp-block-heading alignwide\">\u00abTenemos que plantearnos como gran meta nacional, liberarnos del ingreso petrolero, para que Venezuela sea independiente. Es la \u00fanica forma de superar la guerra econ\u00f3mica, que la mantiene creciendo la guerra psicol\u00f3gica econ\u00f3mica. Estamos empe\u00f1ados en eso y hay buenos indicadores, pero falta mucho todav\u00eda\u00bb, mencion\u00f3 el Presidente.<\/h2>\n\n\n\n<p>Finalmente, propuso que se desarrollen estrategias, planes y t\u00e9cnicas para el impulso de una econom\u00eda virtuosa, no especulativa, no parasitaria. \u00abEs momento de una econom\u00eda productiva y sana\u00bb, dijo.<\/p>\n\n\n\n<p><strong>Prensa Presidencial\/ Iliana Rosales<\/strong><\/p>\n\n\n\n<p><\/p>\n","protected":false},"excerpt":{"rendered":"<p>Palacio de Miraflores, Caracas.- El presidente de la Rep\u00fablica Bolivariana de Venezuela, Nicol\u00e1s Maduro Moros, llam\u00f3 este lunes a fortalecer los 13 Motores Productivos y a crear nuevas importaciones para fortalecer la independencia econ\u00f3mica del pa\u00eds. Durante la edici\u00f3n n\u00famero 82 del programa \u00abCon Maduro+\u00bb, en la secci\u00f3n Zona Digital, el jefe de Estado celebr\u00f3 [&hellip;]<\/p>\n","protected":false},"author":1,"featured_media":20874,"comment_status":"open","ping_status":"open","sticky":false,"template":"","format":"standard","meta":{"footnotes":""},"categories":[18,7],"tags":[],"class_list":["post-20873","post","type-post","status-publish","format-standard","has-post-thumbnail","hentry","category-noticias-principales","category-notas-de-prensa"],"_links":{"self":[{"href":"https:\/\/prensapresidencialvenezuela.gob.ve\/index.php\/wp-json\/wp\/v2\/posts\/20873","targetHints":{"allow":["GET"]}}],"collection":[{"href":"https:\/\/prensapresidencialvenezuela.gob.ve\/index.php\/wp-json\/wp\/v2\/posts"}],"about":[{"href":"https:\/\/prensapresidencialvenezuela.gob.ve\/index.php\/wp-json\/wp\/v2\/types\/post"}],"author":[{"embeddable":true,"href":"https:\/\/prensapresidencialvenezuela.gob.ve\/index.php\/wp-json\/wp\/v2\/users\/1"}],"replies":[{"embeddable":true,"href":"https:\/\/prensapresidencialvenezuela.gob.ve\/index.php\/wp-json\/wp\/v2\/comments?post=20873"}],"version-history":[{"count":1,"href":"https:\/\/prensapresidencialvenezuela.gob.ve\/index.php\/wp-json\/wp\/v2\/posts\/20873\/revisions"}],"predecessor-version":[{"id":20875,"href":"https:\/\/prensapresidencialvenezuela.gob.ve\/index.php\/wp-json\/wp\/v2\/posts\/20873\/revisions\/20875"}],"wp:featuredmedia":[{"embeddable":true,"href":"https:\/\/prensapresidencialvenezuela.gob.ve\/index.php\/wp-json\/wp\/v2\/media\/20874"}],"wp:attachment":[{"href":"https:\/\/prensapresidencialvenezuela.gob.ve\/index.php\/wp-json\/wp\/v2\/media?parent=20873"}],"wp:term":[{"taxonomy":"category","embeddable":true,"href":"https:\/\/prensapresidencialvenezuela.gob.ve\/index.php\/wp-json\/wp\/v2\/categories?post=20873"},{"taxonomy":"post_tag","embeddable":true,"href":"https:\/\/prensapresidencialvenezuela.gob.ve\/index.php\/wp-json\/wp\/v2\/tags?post=20873"}],"curies":[{"name":"wp","href":"https:\/\/api.w.org\/{rel}","templated":true}]}}