{"id":20876,"date":"2025-06-16T21:19:06","date_gmt":"2025-06-17T01:19:06","guid":{"rendered":"https:\/\/prensapresidencialvenezuela.gob.ve\/?p=20876"},"modified":"2025-06-16T21:24:11","modified_gmt":"2025-06-17T01:24:11","slug":"psuv-renovo-70-de-los-liderazgos-municipales-y-los-convoco-a-obedecer-al-poder-popular","status":"publish","type":"post","link":"https:\/\/prensapresidencialvenezuela.gob.ve\/index.php\/2025\/06\/16\/psuv-renovo-70-de-los-liderazgos-municipales-y-los-convoco-a-obedecer-al-poder-popular\/","title":{"rendered":"PSUV renov\u00f3 70% de los liderazgos municipales y los convoc\u00f3 a obedecer al Poder Popular"},"content":{"rendered":"\n<p><strong>Palacio de Miraflores, Caracas.-<\/strong> El presidente de la Rep\u00fablica Bolivariana de Venezuela, Nicol\u00e1s Maduro Moros, inform\u00f3 este lunes que el Partido Socialista Unido de Venezuela (PSUV), ya ha seleccionado a sus 335 candidatos y candidatas para las pr\u00f3ximas elecciones municipales. De este total, el 70% son nuevos rostros a quienes el presidente inst\u00f3 a ser \u00abinstrumentos del Poder Popular\u00bb.<\/p>\n\n\n\n<h2 class=\"wp-block-heading alignwide\">\u00abTenemos 335 candidatos y candidatas, con un nivel de renovaci\u00f3n de casi del 70% de los que estaban en las alcald\u00edas, con el gran proyecto de convertir las alcald\u00edas en instrumentos del Poder Popular y no al rev\u00e9s, es decir, que las alcald\u00edas instrumentalicen al Poder Popular, \u00a1no, no!\u00bb, dijo, durante el programa <em>Con Maduro+, <\/em>en su edici\u00f3n n\u00famero 82, en la secci\u00f3n \u00abZona Digital\u00bb.<\/h2>\n\n\n\n<p>El Mandatario nacional insisti\u00f3 en que las alcald\u00edas tienen que obedecer los mandatos de los circuitos comunales y al Poder Popular. \u00abTienen que ser instrumentos de crecimiento pol\u00edtico, social, econ\u00f3mico, del pueblo\u00bb, sostuvo.<\/p>\n\n\n\n<p>Finalmente, indic\u00f3 que el Comando Unitario de la Fuerza Bolivariana de Venezuela del Bloque Hist\u00f3rico, Comando Ven25, y el PSUV y su secretario general, Diosdado Cabello, se encuentran trabajando desde ya en lo que ser\u00e1 la campa\u00f1a electoral: \u00abSi algo nos gusta, es salir a hacer campa\u00f1a, mover al pueblo, alegrar al pueblo y despu\u00e9s del 27 de julio, y el voto del pueblo, lograr la m\u00e1s grande victoria que hayamos tenido en las elecciones de las alcald\u00edas\u00bb.<\/p>\n\n\n\n<figure class=\"wp-block-image size-large is-resized\"><img fetchpriority=\"high\" decoding=\"async\" width=\"1024\" height=\"693\" src=\"https:\/\/prensapresidencialvenezuela.gob.ve\/wp-content\/uploads\/2025\/06\/02EG_L8305_P-1024x693.jpg\" alt=\"\" class=\"wp-image-20879\" style=\"width:668px;height:auto\" srcset=\"https:\/\/prensapresidencialvenezuela.gob.ve\/wp-content\/uploads\/2025\/06\/02EG_L8305_P-1024x693.jpg 1024w, https:\/\/prensapresidencialvenezuela.gob.ve\/wp-content\/uploads\/2025\/06\/02EG_L8305_P-300x203.jpg 300w, https:\/\/prensapresidencialvenezuela.gob.ve\/wp-content\/uploads\/2025\/06\/02EG_L8305_P-768x520.jpg 768w, https:\/\/prensapresidencialvenezuela.gob.ve\/wp-content\/uploads\/2025\/06\/02EG_L8305_P-1536x1040.jpg 1536w, https:\/\/prensapresidencialvenezuela.gob.ve\/wp-content\/uploads\/2025\/06\/02EG_L8305_P-2048x1387.jpg 2048w\" sizes=\"(max-width: 1024px) 100vw, 1024px\" \/><\/figure>\n\n\n\n<h2 class=\"wp-block-heading\"><strong>Venezuela <\/strong>seguir\u00e1 en paz<\/h2>\n\n\n\n<p>En relaci\u00f3n con el decomiso de un nuevo lote de armas en el oriente del pa\u00eds, que proven\u00edan de Trinidad y Tobago, y que ser\u00edan utilizadas en planes de desestabilizaci\u00f3n contra la paz de la naci\u00f3n, el presidente Maduro garantiz\u00f3 que Venezuela seguir\u00e1 en paz.<\/p>\n\n\n\n<p>\u00abSeguimos el patrullaje permanente (\u2026) y demostrando que las conspiraciones no cesan (\u2026). Somos los que perseveramos siempre, a toda hora vigilando y cuidando la paz del pa\u00eds. No nos van a embochinchar m\u00e1s nunca, ni a llenar de violencia el pa\u00eds, ni de guarimbas, golpes de Estado, ni violencia terrorista nunca m\u00e1s\u00bb, sentenci\u00f3.<\/p>\n\n\n\n<p><strong>Prensa Presidencial \/ Iliana Rosales<\/strong><\/p>\n","protected":false},"excerpt":{"rendered":"<p>Palacio de Miraflores, Caracas.- El presidente de la Rep\u00fablica Bolivariana de Venezuela, Nicol\u00e1s Maduro Moros, inform\u00f3 este lunes que el Partido Socialista Unido de Venezuela (PSUV), ya ha seleccionado a sus 335 candidatos y candidatas para las pr\u00f3ximas elecciones municipales. De este total, el 70% son nuevos rostros a quienes el presidente inst\u00f3 a ser [&hellip;]<\/p>\n","protected":false},"author":1,"featured_media":20877,"comment_status":"open","ping_status":"open","sticky":false,"template":"","format":"standard","meta":{"footnotes":""},"categories":[18,7],"tags":[],"class_list":["post-20876","post","type-post","status-publish","format-standard","has-post-thumbnail","hentry","category-noticias-principales","category-notas-de-prensa"],"_links":{"self":[{"href":"https:\/\/prensapresidencialvenezuela.gob.ve\/index.php\/wp-json\/wp\/v2\/posts\/20876","targetHints":{"allow":["GET"]}}],"collection":[{"href":"https:\/\/prensapresidencialvenezuela.gob.ve\/index.php\/wp-json\/wp\/v2\/posts"}],"about":[{"href":"https:\/\/prensapresidencialvenezuela.gob.ve\/index.php\/wp-json\/wp\/v2\/types\/post"}],"author":[{"embeddable":true,"href":"https:\/\/prensapresidencialvenezuela.gob.ve\/index.php\/wp-json\/wp\/v2\/users\/1"}],"replies":[{"embeddable":true,"href":"https:\/\/prensapresidencialvenezuela.gob.ve\/index.php\/wp-json\/wp\/v2\/comments?post=20876"}],"version-history":[{"count":2,"href":"https:\/\/prensapresidencialvenezuela.gob.ve\/index.php\/wp-json\/wp\/v2\/posts\/20876\/revisions"}],"predecessor-version":[{"id":20880,"href":"https:\/\/prensapresidencialvenezuela.gob.ve\/index.php\/wp-json\/wp\/v2\/posts\/20876\/revisions\/20880"}],"wp:featuredmedia":[{"embeddable":true,"href":"https:\/\/prensapresidencialvenezuela.gob.ve\/index.php\/wp-json\/wp\/v2\/media\/20877"}],"wp:attachment":[{"href":"https:\/\/prensapresidencialvenezuela.gob.ve\/index.php\/wp-json\/wp\/v2\/media?parent=20876"}],"wp:term":[{"taxonomy":"category","embeddable":true,"href":"https:\/\/prensapresidencialvenezuela.gob.ve\/index.php\/wp-json\/wp\/v2\/categories?post=20876"},{"taxonomy":"post_tag","embeddable":true,"href":"https:\/\/prensapresidencialvenezuela.gob.ve\/index.php\/wp-json\/wp\/v2\/tags?post=20876"}],"curies":[{"name":"wp","href":"https:\/\/api.w.org\/{rel}","templated":true}]}}