{"id":20881,"date":"2025-06-16T21:29:59","date_gmt":"2025-06-17T01:29:59","guid":{"rendered":"https:\/\/prensapresidencialvenezuela.gob.ve\/?p=20881"},"modified":"2025-06-16T21:30:00","modified_gmt":"2025-06-17T01:30:00","slug":"consulta-popular-del-27-de-julio-visibilizara-con-mas-auge-el-liderazgo-de-la-juventud-venezolana","status":"publish","type":"post","link":"https:\/\/prensapresidencialvenezuela.gob.ve\/index.php\/2025\/06\/16\/consulta-popular-del-27-de-julio-visibilizara-con-mas-auge-el-liderazgo-de-la-juventud-venezolana\/","title":{"rendered":"Consulta Popular del 27 de julio visibilizar\u00e1 con m\u00e1s auge el liderazgo de la juventud venezolana"},"content":{"rendered":"\n<p><strong>Palacio de Miraflores, Caracas.- <\/strong>El presidente de la Rep\u00fablica Bolivariana de Venezuela, Nicol\u00e1s Maduro Moros, hizo un llamado a la juventud venezolana a sumarse a la iniciativa de votar por su proyecto juvenil el pr\u00f3ximo 27 de julio, durante el segmento \u00abZona Digital\u00bb de su programa <em>Con Maduro +.<\/em><\/p>\n\n\n\n<p>Asimismo, dijo que ya el Gobierno Bolivariano ha estado realizando las coordinaciones respectivas con el Estado Mayor Nacional de la Juventud, sobre el cronograma de postulaci\u00f3n de los proyectos juveniles en las comunidades del pa\u00eds.<\/p>\n\n\n\n<p>Por tanto, el Presidente indic\u00f3 que \u00abse debe postular un proyecto por cada una de las 7 Transformaciones de la Patria, para darle coherencia y, adem\u00e1s, dejar abierta la compuerta, por si surge un proyecto que no est\u00e9 acorde a alguna de las Transformaciones.<\/p>\n\n\n\n<p>En ese sentido, se\u00f1al\u00f3 que tiene que existir la libertad de solicitud de proyectos, para que despu\u00e9s haya autonom\u00eda en el voto para elegir el proyecto que la juventud quiera en su Circuito Comunal.<\/p>\n\n\n\n<h2 class=\"wp-block-heading\"><strong>Liderazgo juvenil<\/strong><\/h2>\n\n\n\n<p>En este contexto, el ministro del Poder Popular para las Comunas, Movimiento Sociales y Agricultura Urbana, \u00c1ngel Prado, enfatiz\u00f3 que \u00abesta Consulta Popular Juvenil va a visibilizar mucho el liderazgo de la juventud en lo largo y ancho del pa\u00eds; porque son el alma y la esperanza de la comuna venezolana, del proyecto hist\u00f3rico\u00bb.<\/p>\n\n\n\n<p>En el mismo orden de ideas, el ministro del Poder Popular para la Juventud, Sergio Lotartaro, inform\u00f3 que el pasado s\u00e1bado 14 de junio comenzaron las asambleas por Consejo Comunal, y que se desarrollar\u00e1n hasta el 22 del presente mes.<\/p>\n\n\n\n<h2 class=\"wp-block-heading alignwide\">\u00abVamos a tener una semana contundente en la que vamos a hacer, en los m\u00e1s de 40 mil Consejos Comunales, asambleas para saber cu\u00e1l es el Mapa de los Sue\u00f1os de la juventud. Y del 15 al 22 de julio vamos a tener una semana de campa\u00f1a, casa por casa\u00bb, expres\u00f3 el ministro.<\/h2>\n\n\n\n<p>Aunado a ello, resalt\u00f3 que la juventud, en su Consejo Comunal, sali\u00f3 a debatir cu\u00e1l es el Mapa de sus Sue\u00f1os en su territorio, en su comunidad, en su edificio, en su barrio, para as\u00ed mostrar las diferentes ideas y proyectos de sus entidades.<\/p>\n\n\n\n<p><strong>Prensa Presidencial\/ Irmary D\u00edaz<\/strong><\/p>\n","protected":false},"excerpt":{"rendered":"<p>Palacio de Miraflores, Caracas.- El presidente de la Rep\u00fablica Bolivariana de Venezuela, Nicol\u00e1s Maduro Moros, hizo un llamado a la juventud venezolana a sumarse a la iniciativa de votar por su proyecto juvenil el pr\u00f3ximo 27 de julio, durante el segmento \u00abZona Digital\u00bb de su programa Con Maduro +. Asimismo, dijo que ya el Gobierno [&hellip;]<\/p>\n","protected":false},"author":1,"featured_media":20882,"comment_status":"open","ping_status":"open","sticky":false,"template":"","format":"standard","meta":{"footnotes":""},"categories":[18,7],"tags":[],"class_list":["post-20881","post","type-post","status-publish","format-standard","has-post-thumbnail","hentry","category-noticias-principales","category-notas-de-prensa"],"_links":{"self":[{"href":"https:\/\/prensapresidencialvenezuela.gob.ve\/index.php\/wp-json\/wp\/v2\/posts\/20881","targetHints":{"allow":["GET"]}}],"collection":[{"href":"https:\/\/prensapresidencialvenezuela.gob.ve\/index.php\/wp-json\/wp\/v2\/posts"}],"about":[{"href":"https:\/\/prensapresidencialvenezuela.gob.ve\/index.php\/wp-json\/wp\/v2\/types\/post"}],"author":[{"embeddable":true,"href":"https:\/\/prensapresidencialvenezuela.gob.ve\/index.php\/wp-json\/wp\/v2\/users\/1"}],"replies":[{"embeddable":true,"href":"https:\/\/prensapresidencialvenezuela.gob.ve\/index.php\/wp-json\/wp\/v2\/comments?post=20881"}],"version-history":[{"count":1,"href":"https:\/\/prensapresidencialvenezuela.gob.ve\/index.php\/wp-json\/wp\/v2\/posts\/20881\/revisions"}],"predecessor-version":[{"id":20883,"href":"https:\/\/prensapresidencialvenezuela.gob.ve\/index.php\/wp-json\/wp\/v2\/posts\/20881\/revisions\/20883"}],"wp:featuredmedia":[{"embeddable":true,"href":"https:\/\/prensapresidencialvenezuela.gob.ve\/index.php\/wp-json\/wp\/v2\/media\/20882"}],"wp:attachment":[{"href":"https:\/\/prensapresidencialvenezuela.gob.ve\/index.php\/wp-json\/wp\/v2\/media?parent=20881"}],"wp:term":[{"taxonomy":"category","embeddable":true,"href":"https:\/\/prensapresidencialvenezuela.gob.ve\/index.php\/wp-json\/wp\/v2\/categories?post=20881"},{"taxonomy":"post_tag","embeddable":true,"href":"https:\/\/prensapresidencialvenezuela.gob.ve\/index.php\/wp-json\/wp\/v2\/tags?post=20881"}],"curies":[{"name":"wp","href":"https:\/\/api.w.org\/{rel}","templated":true}]}}