{"id":20899,"date":"2025-06-16T23:02:17","date_gmt":"2025-06-17T03:02:17","guid":{"rendered":"https:\/\/prensapresidencialvenezuela.gob.ve\/?p=20899"},"modified":"2025-06-16T23:02:58","modified_gmt":"2025-06-17T03:02:58","slug":"onu-proclama-el-4-de-diciembre-como-el-dia-internacional-contra-las-medidas-coercitivas-unilaterales","status":"publish","type":"post","link":"https:\/\/prensapresidencialvenezuela.gob.ve\/index.php\/2025\/06\/16\/onu-proclama-el-4-de-diciembre-como-el-dia-internacional-contra-las-medidas-coercitivas-unilaterales\/","title":{"rendered":"ONU proclama el 4 de diciembre como el \u00abD\u00eda Internacional contra las Medidas Coercitivas Unilaterales\u00bb"},"content":{"rendered":"\n<p><strong>Palacio de Miraflores, Caracas. \u2013 <\/strong>Durante su programa <strong><em>Con Maduro +,<\/em><\/strong> segmento <strong><em>Zona Digital<\/em><\/strong>, el presidente de la Rep\u00fablica Bolivariana de Venezuela, Nicol\u00e1s Maduro Moros, celebr\u00f3 la victoria que tuvo Venezuela en la 79.\u00aa reuni\u00f3n plenaria de la Asamblea General de las Naciones Unidas (ONU), con la aprobaci\u00f3n de una resoluci\u00f3n que proclama el 4 de diciembre como el \u00abD\u00eda Internacional contra las Medidas Coercitivas Unilaterales\u00bb.&nbsp;<\/p>\n\n\n\n<blockquote class=\"wp-block-quote is-layout-flow wp-block-quote-is-layout-flow\">\n<p>\u00abHoy se ha dado un paso muy importante. Hemos tenido una gran victoria en la Asamblea General de las Naciones Unidas, a propuesta de Venezuela y de los pa\u00edses que formamos parte del grupo de defensores, porque se ha aprobado una resoluci\u00f3n para rechazar como humanidad, cualquier tipo de sanci\u00f3n unilateral\u00bb, expres\u00f3.<\/p>\n<\/blockquote>\n\n\n\n<p>En el mismo contexto, el jefe de Estado ha subrayado que esta es ha sido una gran lucha en el Sistema de las Naciones Unidas, porque est\u00e1n en disputa, los que \u00abquienes quieren matar el Derecho Internacional, y los que, como nosotros y la mayor\u00eda de los pa\u00edses, queremos relanzar y refundar el sistema\u00bb.<\/p>\n\n\n\n<p>En este contexto, es importante mencionar que horas m\u00e1s temprano, el canciller del Rep\u00fablica, Iv\u00e1n Gil, detall\u00f3 mediante un comunicado, que \u00abcon esta adopci\u00f3n, se posiciona en la agenda internacional el debate sobre el impacto negativo de las medidas coercitivas unilaterales\u00bb, ya que estas son parte de la violaci\u00f3n de la Carta de las Naciones Unidas.<\/p>\n\n\n\n<h2 class=\"wp-block-heading alignwide\">\u00ab\u00a1Gran victoria de Venezuela y de la humanidad que nos resistimos a ser esclavos y colonias! No queremos m\u00e1s guerra, \u00a1ni m\u00e1s sanciones!\u00bb, sentenci\u00f3 para finalizar el Mandatario Nacional.<\/h2>\n\n\n\n<p><strong>Prensa Presidencial\/ Irmary D\u00edaz<\/strong><\/p>\n","protected":false},"excerpt":{"rendered":"<p>Palacio de Miraflores, Caracas. \u2013 Durante su programa Con Maduro +, segmento Zona Digital, el presidente de la Rep\u00fablica Bolivariana de Venezuela, Nicol\u00e1s Maduro Moros, celebr\u00f3 la victoria que tuvo Venezuela en la 79.\u00aa reuni\u00f3n plenaria de la Asamblea General de las Naciones Unidas (ONU), con la aprobaci\u00f3n de una resoluci\u00f3n que proclama el 4 [&hellip;]<\/p>\n","protected":false},"author":1,"featured_media":20902,"comment_status":"open","ping_status":"open","sticky":false,"template":"","format":"standard","meta":{"footnotes":""},"categories":[18,7],"tags":[],"class_list":["post-20899","post","type-post","status-publish","format-standard","has-post-thumbnail","hentry","category-noticias-principales","category-notas-de-prensa"],"_links":{"self":[{"href":"https:\/\/prensapresidencialvenezuela.gob.ve\/index.php\/wp-json\/wp\/v2\/posts\/20899","targetHints":{"allow":["GET"]}}],"collection":[{"href":"https:\/\/prensapresidencialvenezuela.gob.ve\/index.php\/wp-json\/wp\/v2\/posts"}],"about":[{"href":"https:\/\/prensapresidencialvenezuela.gob.ve\/index.php\/wp-json\/wp\/v2\/types\/post"}],"author":[{"embeddable":true,"href":"https:\/\/prensapresidencialvenezuela.gob.ve\/index.php\/wp-json\/wp\/v2\/users\/1"}],"replies":[{"embeddable":true,"href":"https:\/\/prensapresidencialvenezuela.gob.ve\/index.php\/wp-json\/wp\/v2\/comments?post=20899"}],"version-history":[{"count":1,"href":"https:\/\/prensapresidencialvenezuela.gob.ve\/index.php\/wp-json\/wp\/v2\/posts\/20899\/revisions"}],"predecessor-version":[{"id":20901,"href":"https:\/\/prensapresidencialvenezuela.gob.ve\/index.php\/wp-json\/wp\/v2\/posts\/20899\/revisions\/20901"}],"wp:featuredmedia":[{"embeddable":true,"href":"https:\/\/prensapresidencialvenezuela.gob.ve\/index.php\/wp-json\/wp\/v2\/media\/20902"}],"wp:attachment":[{"href":"https:\/\/prensapresidencialvenezuela.gob.ve\/index.php\/wp-json\/wp\/v2\/media?parent=20899"}],"wp:term":[{"taxonomy":"category","embeddable":true,"href":"https:\/\/prensapresidencialvenezuela.gob.ve\/index.php\/wp-json\/wp\/v2\/categories?post=20899"},{"taxonomy":"post_tag","embeddable":true,"href":"https:\/\/prensapresidencialvenezuela.gob.ve\/index.php\/wp-json\/wp\/v2\/tags?post=20899"}],"curies":[{"name":"wp","href":"https:\/\/api.w.org\/{rel}","templated":true}]}}