{"id":20919,"date":"2025-06-17T19:16:50","date_gmt":"2025-06-17T23:16:50","guid":{"rendered":"https:\/\/prensapresidencialvenezuela.gob.ve\/?p=20919"},"modified":"2025-06-17T19:16:50","modified_gmt":"2025-06-17T23:16:50","slug":"presidente-maduro-lidera-el-taller-de-las-7-grandes-transformaciones-para-el-parlamento-2026-2031","status":"publish","type":"post","link":"https:\/\/prensapresidencialvenezuela.gob.ve\/index.php\/2025\/06\/17\/presidente-maduro-lidera-el-taller-de-las-7-grandes-transformaciones-para-el-parlamento-2026-2031\/","title":{"rendered":"Presidente Maduro lidera el Taller de las 7 Grandes Transformaciones para el Parlamento 2026-2031"},"content":{"rendered":"\n<p><strong>Teatro Teresa Carre\u00f1o, Caracas.- <\/strong>El presidente de la Rep\u00fablica Bolivariana de Venezuela, Nicol\u00e1s Maduro Moros, lider\u00f3 &nbsp;desde la sala Jos\u00e9 F\u00e9lix Ribas el Taller de las 7 Grandes Transformaciones para el Parlamento 2026-2031. El encuentro tuvo como objetivo principal establecer los lineamientos estrat\u00e9gicos que guiar\u00e1n el desarrollo del pa\u00eds en los pr\u00f3ximos a\u00f1os.<\/p>\n\n\n\n<h2 class=\"wp-block-heading\"><strong>La hoja de ruta para una nueva era<\/strong><\/h2>\n\n\n\n<p>Cabe recordar que el pasado 15 de enero, ante la Asamblea Nacional y tras su juramentaci\u00f3n para el per\u00edodo 2025-2031, el jefe de Estado present\u00f3 el Plan de las 7T. Este plan representa la evoluci\u00f3n de las 3R.Nets, transformadas en siete metas clave que buscan modernizar la econom\u00eda, consolidar la independencia plena, garantizar la paz, seguridad e integridad territorial, y avanzar en las esferas social, pol\u00edtica, ecol\u00f3gica y geopol\u00edtica durante los pr\u00f3ximos siete a\u00f1os.<\/p>\n\n\n\n<p>En l\u00ednea con esta visi\u00f3n, la Asamblea Nacional ha venido discutiendo en meses recientes una propuesta legislativa ambiciosa. Dicha propuesta contempla la creaci\u00f3n de nueve c\u00f3digos centrales que buscan ordenar el desarrollo del pa\u00eds, abarcando \u00e1mbitos fundamentales como lo social, educativo, productivo, penal, comunal y ambiental.<\/p>\n\n\n\n<figure class=\"wp-block-image size-large\"><img fetchpriority=\"high\" decoding=\"async\" width=\"1024\" height=\"718\" src=\"https:\/\/prensapresidencialvenezuela.gob.ve\/wp-content\/uploads\/2025\/06\/11_ZC__7883_P-1-1024x718.jpg\" alt=\"\" class=\"wp-image-20921\" srcset=\"https:\/\/prensapresidencialvenezuela.gob.ve\/wp-content\/uploads\/2025\/06\/11_ZC__7883_P-1-1024x718.jpg 1024w, https:\/\/prensapresidencialvenezuela.gob.ve\/wp-content\/uploads\/2025\/06\/11_ZC__7883_P-1-300x210.jpg 300w, https:\/\/prensapresidencialvenezuela.gob.ve\/wp-content\/uploads\/2025\/06\/11_ZC__7883_P-1-768x539.jpg 768w, https:\/\/prensapresidencialvenezuela.gob.ve\/wp-content\/uploads\/2025\/06\/11_ZC__7883_P-1-1536x1078.jpg 1536w, https:\/\/prensapresidencialvenezuela.gob.ve\/wp-content\/uploads\/2025\/06\/11_ZC__7883_P-1-2048x1437.jpg 2048w\" sizes=\"(max-width: 1024px) 100vw, 1024px\" \/><\/figure>\n\n\n\n<h2 class=\"wp-block-heading\"><strong>Las 7 Transformaciones: Eje del nuevo modelo de desarrollo<\/strong><\/h2>\n\n\n\n<p>El Ejecutivo considera este instrumento legislativo como el pilar fundamental del nuevo modelo de desarrollo para Venezuela, un modelo que aspira a ser inclusivo y pr\u00f3spero, basado en el respeto y la participaci\u00f3n de todos los sectores de la sociedad.<\/p>\n\n\n\n<p><strong>Las Siete Transformaciones delineadas son las siguientes:<\/strong><\/p>\n\n\n\n<ul class=\"wp-block-list\">\n<li>Modernizaci\u00f3n econ\u00f3mica: Impulsar el desarrollo productivo y tecnol\u00f3gico del pa\u00eds.<\/li>\n\n\n\n<li>Independencia plena: Fortalecer la soberan\u00eda nacional frente a cualquier injerencia externa.<\/li>\n\n\n\n<li>Paz, seguridad e integridad territorial: Asegurar la estabilidad interna y la defensa del territorio.<\/li>\n\n\n\n<li>Transformaci\u00f3n social: Mejorar significativamente la calidad de vida de los ciudadanos, con especial atenci\u00f3n en educaci\u00f3n, salud y servicios p\u00fablicos.<\/li>\n\n\n\n<li>Transformaci\u00f3n pol\u00edtica: Avanzar hacia un sistema pol\u00edtico m\u00e1s participativo e inclusivo.<\/li>\n\n\n\n<li>Ecolog\u00eda: Fomentar pr\u00e1cticas sostenibles y proteger el medio ambiente.<\/li>\n\n\n\n<li>Geopol\u00edtica: Posicionar a Venezuela como un actor relevante y estrat\u00e9gico en el escenario internacional.<\/li>\n<\/ul>\n\n\n\n<figure class=\"wp-block-image size-large\"><img decoding=\"async\" width=\"1024\" height=\"773\" src=\"https:\/\/prensapresidencialvenezuela.gob.ve\/wp-content\/uploads\/2025\/06\/01_ZC_L5487_P-1024x773.jpg\" alt=\"\" class=\"wp-image-20922\" srcset=\"https:\/\/prensapresidencialvenezuela.gob.ve\/wp-content\/uploads\/2025\/06\/01_ZC_L5487_P-1024x773.jpg 1024w, https:\/\/prensapresidencialvenezuela.gob.ve\/wp-content\/uploads\/2025\/06\/01_ZC_L5487_P-300x226.jpg 300w, https:\/\/prensapresidencialvenezuela.gob.ve\/wp-content\/uploads\/2025\/06\/01_ZC_L5487_P-768x580.jpg 768w, https:\/\/prensapresidencialvenezuela.gob.ve\/wp-content\/uploads\/2025\/06\/01_ZC_L5487_P-1536x1159.jpg 1536w, https:\/\/prensapresidencialvenezuela.gob.ve\/wp-content\/uploads\/2025\/06\/01_ZC_L5487_P-2048x1546.jpg 2048w\" sizes=\"(max-width: 1024px) 100vw, 1024px\" \/><\/figure>\n\n\n\n<h2 class=\"wp-block-heading\"><strong>Fortaleciendo la democracia participativa<\/strong><\/h2>\n\n\n\n<p>Otro componente esencial de esta iniciativa es la Agenda Concreta de Acci\u00f3n (ACA), dise\u00f1ada para profundizar la democracia participativa. Esto incluye la elecci\u00f3n de los jueces de paz comunal y la expansi\u00f3n de los circuitos de elecci\u00f3n comunal.<\/p>\n\n\n\n<p>Por consiguiente, el Mandatario Nacional ha enfocado este proyecto en la definici\u00f3n de m\u00e9todos clave para el crecimiento econ\u00f3mico, la modernizaci\u00f3n de los sectores productivos y el robustecimiento de las pol\u00edticas p\u00fablicas orientadas a la transformaci\u00f3n social de la naci\u00f3n.<\/p>\n\n\n\n<p><strong>Prensa Presidencial\/ Irmary D\u00edaz<\/strong><\/p>\n","protected":false},"excerpt":{"rendered":"<p>Teatro Teresa Carre\u00f1o, Caracas.- El presidente de la Rep\u00fablica Bolivariana de Venezuela, Nicol\u00e1s Maduro Moros, lider\u00f3 &nbsp;desde la sala Jos\u00e9 F\u00e9lix Ribas el Taller de las 7 Grandes Transformaciones para el Parlamento 2026-2031. El encuentro tuvo como objetivo principal establecer los lineamientos estrat\u00e9gicos que guiar\u00e1n el desarrollo del pa\u00eds en los pr\u00f3ximos a\u00f1os. La hoja [&hellip;]<\/p>\n","protected":false},"author":1,"featured_media":20920,"comment_status":"open","ping_status":"open","sticky":false,"template":"","format":"standard","meta":{"footnotes":""},"categories":[18,7],"tags":[],"class_list":["post-20919","post","type-post","status-publish","format-standard","has-post-thumbnail","hentry","category-noticias-principales","category-notas-de-prensa"],"_links":{"self":[{"href":"https:\/\/prensapresidencialvenezuela.gob.ve\/index.php\/wp-json\/wp\/v2\/posts\/20919","targetHints":{"allow":["GET"]}}],"collection":[{"href":"https:\/\/prensapresidencialvenezuela.gob.ve\/index.php\/wp-json\/wp\/v2\/posts"}],"about":[{"href":"https:\/\/prensapresidencialvenezuela.gob.ve\/index.php\/wp-json\/wp\/v2\/types\/post"}],"author":[{"embeddable":true,"href":"https:\/\/prensapresidencialvenezuela.gob.ve\/index.php\/wp-json\/wp\/v2\/users\/1"}],"replies":[{"embeddable":true,"href":"https:\/\/prensapresidencialvenezuela.gob.ve\/index.php\/wp-json\/wp\/v2\/comments?post=20919"}],"version-history":[{"count":1,"href":"https:\/\/prensapresidencialvenezuela.gob.ve\/index.php\/wp-json\/wp\/v2\/posts\/20919\/revisions"}],"predecessor-version":[{"id":20923,"href":"https:\/\/prensapresidencialvenezuela.gob.ve\/index.php\/wp-json\/wp\/v2\/posts\/20919\/revisions\/20923"}],"wp:featuredmedia":[{"embeddable":true,"href":"https:\/\/prensapresidencialvenezuela.gob.ve\/index.php\/wp-json\/wp\/v2\/media\/20920"}],"wp:attachment":[{"href":"https:\/\/prensapresidencialvenezuela.gob.ve\/index.php\/wp-json\/wp\/v2\/media?parent=20919"}],"wp:term":[{"taxonomy":"category","embeddable":true,"href":"https:\/\/prensapresidencialvenezuela.gob.ve\/index.php\/wp-json\/wp\/v2\/categories?post=20919"},{"taxonomy":"post_tag","embeddable":true,"href":"https:\/\/prensapresidencialvenezuela.gob.ve\/index.php\/wp-json\/wp\/v2\/tags?post=20919"}],"curies":[{"name":"wp","href":"https:\/\/api.w.org\/{rel}","templated":true}]}}