{"id":20924,"date":"2025-06-17T20:04:18","date_gmt":"2025-06-18T00:04:18","guid":{"rendered":"https:\/\/prensapresidencialvenezuela.gob.ve\/?p=20924"},"modified":"2025-06-17T20:04:18","modified_gmt":"2025-06-18T00:04:18","slug":"ordenan-creacion-de-escuela-politica-parlamentaria-con-caracter-latinoamericano-y-caribeno","status":"publish","type":"post","link":"https:\/\/prensapresidencialvenezuela.gob.ve\/index.php\/2025\/06\/17\/ordenan-creacion-de-escuela-politica-parlamentaria-con-caracter-latinoamericano-y-caribeno\/","title":{"rendered":"Ordenan creaci\u00f3n de Escuela Pol\u00edtica Parlamentaria, con car\u00e1cter latinoamericano y caribe\u00f1o"},"content":{"rendered":"\n<p><strong>Teatro Teresa Carre\u00f1o, Caracas. &#8211;<\/strong> Este martes, el presidente de la Rep\u00fablica Bolivariana de Venezuela, Nicol\u00e1s Maduro Moros, orden\u00f3 la creaci\u00f3n de una Escuela Pol\u00edtica Parlamentaria de car\u00e1cter latinoamericano y caribe\u00f1o, que lleve el nombre del l\u00edder revolucionario David Nieves Banchs.<\/p>\n\n\n\n<p>Asimismo, resalt\u00f3 que la creaci\u00f3n de esta escuela es con el objetivo de incluir a todos los parlamentarios del pa\u00eds, y de esta manera, formar a grandes l\u00edderes pol\u00edticos, porque \u00abVenezuela va a ser democr\u00e1tica por siempre\u00bb.<\/p>\n\n\n\n<p>En el mismo orden, el jefe de Estado ha manifestado que cada uno de los parlamentarios revolucionarios de la Naci\u00f3n tienen que prepararse; ya que \u00abdeben ser una caja de resonancia del Poder Popular\u00bb.<\/p>\n\n\n\n<p><strong>Estabilidad pol\u00edtica del pa\u00eds&nbsp;<\/strong><\/p>\n\n\n\n<p>Al mismo tiempo, el Presidente hizo un \u00e9nfasis en la importancia de la estabilidad pol\u00edtica del pa\u00eds, por lo que le dio una tarea fundamental a los nuevos integrantes de la Asamblea Nacional (AN), abrir las compuertas del di\u00e1logo, para as\u00ed ir en la b\u00fasqueda de aquel que \u00abpor alguna raz\u00f3n no ha cre\u00eddo o no cree en el proyecto de Bol\u00edvar, de Ch\u00e1vez, que por mil razones que pudiera tener, unas justas y otras injustas, des\u00e1nimo o inconformidad, o de no creencia\u00bb, y conducirlos al camino de la Revoluci\u00f3n Bolivariana.&nbsp;<\/p>\n\n\n\n<blockquote class=\"wp-block-quote is-layout-flow wp-block-quote-is-layout-flow\">\n<p>\u00abEstamos en el mejor momento de la Revoluci\u00f3n Bolivariana para ir a un di\u00e1logo transversal y para rectificar los errores que hayamos cometido\u00bb, precis\u00f3.<\/p>\n<\/blockquote>\n\n\n\n<p>Por su parte, la primera combatiente, Cilia Flores, asever\u00f3 que esta es una Asamblea Nacional para un nuevo tiempo, una nueva \u00e9poca, y que, por ello, cada uno de los Diputados deben estar alineados con la nueva AN.<\/p>\n\n\n\n<blockquote class=\"wp-block-quote is-layout-flow wp-block-quote-is-layout-flow\">\n<p>\u00abVamos a encaminarnos en los Consejos Comunales y comunas para simplificar las leyes, la vida, al hombre y a la mujer de a pie. Nacemos desiguales pero las leyes no. Vamos a igualar en lo social, pol\u00edtico y econ\u00f3mico, porque este es un gran paso y vamos a ir a una nueva AN alineada a un proyecto\u00bb, destac\u00f3 la tambi\u00e9n Diputada a la AN.<\/p>\n<\/blockquote>\n\n\n\n<p>En este contexto, es relevante conocer \u00bfqui\u00e9n fue David Nieves?<\/p>\n\n\n\n<p>Desde muy joven fue un activo militante que enfrent\u00f3 la dictadura de Marcos P\u00e9rez Jim\u00e9nez; y en los a\u00f1os 60, se incorpor\u00f3 a la guerrilla y se hizo jefe de correaje en el \u00abFrente Guerrillero Ezequiel Zamora\u00bb,&nbsp; en el cerro El Bachiller del estado Miranda.<\/p>\n\n\n\n<p>Fue uno de los presos pol\u00edticos m\u00e1s torturado durante el puntofijismo. Estuvo detenido en el Cuartel San Carlos y con el voto del pueblo es liberado para ser diputado por la Liga Socialista en el Congreso de la Rep\u00fablica.<\/p>\n\n\n\n<p>Adem\u00e1s, a lo largo de los a\u00f1os, llev\u00f3 una vida revolucionaria y fue miembro del Consejo Pol\u00edtico del Partido Socialista Unido de Venezuela (PSUV).<\/p>\n\n\n\n<p><strong>Prensa Presidencial\/ Irmary D\u00edaz<\/strong><\/p>\n","protected":false},"excerpt":{"rendered":"<p>Teatro Teresa Carre\u00f1o, Caracas. &#8211; Este martes, el presidente de la Rep\u00fablica Bolivariana de Venezuela, Nicol\u00e1s Maduro Moros, orden\u00f3 la creaci\u00f3n de una Escuela Pol\u00edtica Parlamentaria de car\u00e1cter latinoamericano y caribe\u00f1o, que lleve el nombre del l\u00edder revolucionario David Nieves Banchs. Asimismo, resalt\u00f3 que la creaci\u00f3n de esta escuela es con el objetivo de incluir [&hellip;]<\/p>\n","protected":false},"author":1,"featured_media":20925,"comment_status":"open","ping_status":"open","sticky":false,"template":"","format":"standard","meta":{"footnotes":""},"categories":[18,7],"tags":[],"class_list":["post-20924","post","type-post","status-publish","format-standard","has-post-thumbnail","hentry","category-noticias-principales","category-notas-de-prensa"],"_links":{"self":[{"href":"https:\/\/prensapresidencialvenezuela.gob.ve\/index.php\/wp-json\/wp\/v2\/posts\/20924","targetHints":{"allow":["GET"]}}],"collection":[{"href":"https:\/\/prensapresidencialvenezuela.gob.ve\/index.php\/wp-json\/wp\/v2\/posts"}],"about":[{"href":"https:\/\/prensapresidencialvenezuela.gob.ve\/index.php\/wp-json\/wp\/v2\/types\/post"}],"author":[{"embeddable":true,"href":"https:\/\/prensapresidencialvenezuela.gob.ve\/index.php\/wp-json\/wp\/v2\/users\/1"}],"replies":[{"embeddable":true,"href":"https:\/\/prensapresidencialvenezuela.gob.ve\/index.php\/wp-json\/wp\/v2\/comments?post=20924"}],"version-history":[{"count":1,"href":"https:\/\/prensapresidencialvenezuela.gob.ve\/index.php\/wp-json\/wp\/v2\/posts\/20924\/revisions"}],"predecessor-version":[{"id":20926,"href":"https:\/\/prensapresidencialvenezuela.gob.ve\/index.php\/wp-json\/wp\/v2\/posts\/20924\/revisions\/20926"}],"wp:featuredmedia":[{"embeddable":true,"href":"https:\/\/prensapresidencialvenezuela.gob.ve\/index.php\/wp-json\/wp\/v2\/media\/20925"}],"wp:attachment":[{"href":"https:\/\/prensapresidencialvenezuela.gob.ve\/index.php\/wp-json\/wp\/v2\/media?parent=20924"}],"wp:term":[{"taxonomy":"category","embeddable":true,"href":"https:\/\/prensapresidencialvenezuela.gob.ve\/index.php\/wp-json\/wp\/v2\/categories?post=20924"},{"taxonomy":"post_tag","embeddable":true,"href":"https:\/\/prensapresidencialvenezuela.gob.ve\/index.php\/wp-json\/wp\/v2\/tags?post=20924"}],"curies":[{"name":"wp","href":"https:\/\/api.w.org\/{rel}","templated":true}]}}