{"id":2093,"date":"2022-05-27T19:18:00","date_gmt":"2022-05-27T19:18:00","guid":{"rendered":"http:\/\/172.27.0.121\/?p=2093"},"modified":"2022-07-01T19:19:34","modified_gmt":"2022-07-01T19:19:34","slug":"exclusion-de-paises-soberanos-en-cumbre-de-las-americas-debilita-su-institucionalidad","status":"publish","type":"post","link":"https:\/\/prensapresidencialvenezuela.gob.ve\/index.php\/2022\/05\/27\/exclusion-de-paises-soberanos-en-cumbre-de-las-americas-debilita-su-institucionalidad\/","title":{"rendered":"Exclusi\u00f3n de pa\u00edses soberanos en Cumbre de las Am\u00e9ricas debilita su institucionalidad"},"content":{"rendered":"\n<p><strong>La Habana, Cuba.- <\/strong>La decisi\u00f3n de Estados Unidos de excluir a Cuba, Nicaragua y Venezuela de la IX Cumbre de las Am\u00e9ricas, que se realizar\u00e1 en Los \u00c1ngeles, solo \u201cconsigue debilitar la institucionalidad\u201d al cerrarle espacios a la pluralidad del di\u00e1logo constructivo con todos los pa\u00edses del Hemisferio Occidental.<\/p>\n\n\n\n<p>\u201cNos preocupa que su convocatoria ignore la diversidad plena que \u2013lejos de hacernos d\u00e9biles- deber\u00eda ser nuestra fortaleza como continente\u201d, afirm\u00f3 el presidente del Estado Plurinacional de Bolivia, Luis Arce, durante su intervenci\u00f3n en la XXI Cumbre de la Alianza Bolivariana de los Pueblos de Nuestra Am\u00e9rica \u2013 Tratado de Comercio de los Pueblos (ALBA-TCP).<\/p>\n\n\n\n<p>Desde el Palacio de la Revoluci\u00f3n, ubicado en Cuba, se\u00f1al\u00f3 que el veto de Washington evidencia que, a pesar de la ret\u00f3rica a favor de la democracia, no existe voluntad entre sus autoridades para cambiar sus pol\u00edticas hostiles hacia gobiernos que no se subordinan a intereses hegem\u00f3nicos.<\/p>\n\n\n\n<p>Arce puntualiz\u00f3 que Cuba, Nicaragua y Venezuela son v\u00edctimas de medidas restrictivas de car\u00e1cter econ\u00f3mico, comercial y financiero por optar \u201ca un camino diferente al trazado por la Casa Blanca\u201d, acci\u00f3n que parece confirmar la pr\u00e1ctica de recurrir \u201ca cualquier tipo de instrumento para sancionar a los pa\u00edses que deciden seguir un camino distinto al de sus mandatos\u201d.<\/p>\n\n\n\n<p>\u201cLas pol\u00edticas de sanciones, embargos y bloqueos solo han tra\u00eddo sufrimiento, desasosiego en especial a los m\u00e1s humildes\u201d, subray\u00f3 al demandar el&nbsp; cese del bloqueo econ\u00f3mico, financiero y comercial.<\/p>\n\n\n\n<p>Al reiterar su rechazo en\u00e9rgico a la exclusi\u00f3n de Cuba, Nicaragua y Venezuela de la Cumbre de las Am\u00e9ricas, en nombre del Estado Plurinacional de Bolivia, enfatiz\u00f3 que no asistir\u00e1 \u201cmientras no se inviten a todos los gobiernos de los pa\u00edses de Am\u00e9rica en condiciones de plena igualdad jer\u00e1rquica y de participaci\u00f3n\u201d.<\/p>\n\n\n\n<p>\u201cNing\u00fan pa\u00eds puede arrogarse el derecho de decidir quienes forman parte o no de nuestro continente americano y tampoco ning\u00fan organismo internacional \u2013como la Organizaci\u00f3n de Estados Americanos- puede servir \u00fanica y exclusivamente a los intereses hegem\u00f3nicos de una sola naci\u00f3n\u201d, sentenci\u00f3.<\/p>\n\n\n\n<p><strong>Unidad de la Patria Grande<\/strong><\/p>\n\n\n\n<p>Por otro lado, Arce conden\u00f3 las amenazas a la unidad regional que suponen las maniobras de divisi\u00f3n, desestabilizaci\u00f3n y confrontaci\u00f3n, \u201cimpulsadas por aquellos que nos ven como su patio trasero, como territorio de disputa por nuestros recursos naturales, como colonia para instalar sus bases militares y como ensayo de antiguas y nuevas formas de golpes de Estado\u201d.<\/p>\n\n\n\n<p>Exhort\u00f3 a sumar esfuerzos para fortalecer espacios como el ALBA-TCP y la Comunidad de Estados Latinoamericanos y Caribe\u00f1os (Celac), as\u00ed como para el resurgimiento de la Uni\u00f3n de Naciones Suramericanas (Unasur) como plataformas de integraci\u00f3n para el bienestar de los pueblos.<\/p>\n\n\n\n<p><strong>Prensa Presidencial\/Karelis Gonz\u00e1lez<\/strong><\/p>\n","protected":false},"excerpt":{"rendered":"<p>La Habana, Cuba.- La decisi\u00f3n de Estados Unidos de excluir a Cuba, Nicaragua y Venezuela de la IX Cumbre de las Am\u00e9ricas, que se realizar\u00e1 en Los \u00c1ngeles, solo \u201cconsigue debilitar la institucionalidad\u201d al cerrarle espacios a la pluralidad del di\u00e1logo constructivo con todos los pa\u00edses del Hemisferio Occidental. \u201cNos preocupa que su convocatoria ignore [&hellip;]<\/p>\n","protected":false},"author":6,"featured_media":2094,"comment_status":"open","ping_status":"open","sticky":false,"template":"","format":"standard","meta":{"footnotes":""},"categories":[7],"tags":[],"class_list":["post-2093","post","type-post","status-publish","format-standard","has-post-thumbnail","hentry","category-notas-de-prensa"],"_links":{"self":[{"href":"https:\/\/prensapresidencialvenezuela.gob.ve\/index.php\/wp-json\/wp\/v2\/posts\/2093","targetHints":{"allow":["GET"]}}],"collection":[{"href":"https:\/\/prensapresidencialvenezuela.gob.ve\/index.php\/wp-json\/wp\/v2\/posts"}],"about":[{"href":"https:\/\/prensapresidencialvenezuela.gob.ve\/index.php\/wp-json\/wp\/v2\/types\/post"}],"author":[{"embeddable":true,"href":"https:\/\/prensapresidencialvenezuela.gob.ve\/index.php\/wp-json\/wp\/v2\/users\/6"}],"replies":[{"embeddable":true,"href":"https:\/\/prensapresidencialvenezuela.gob.ve\/index.php\/wp-json\/wp\/v2\/comments?post=2093"}],"version-history":[{"count":1,"href":"https:\/\/prensapresidencialvenezuela.gob.ve\/index.php\/wp-json\/wp\/v2\/posts\/2093\/revisions"}],"predecessor-version":[{"id":2095,"href":"https:\/\/prensapresidencialvenezuela.gob.ve\/index.php\/wp-json\/wp\/v2\/posts\/2093\/revisions\/2095"}],"wp:featuredmedia":[{"embeddable":true,"href":"https:\/\/prensapresidencialvenezuela.gob.ve\/index.php\/wp-json\/wp\/v2\/media\/2094"}],"wp:attachment":[{"href":"https:\/\/prensapresidencialvenezuela.gob.ve\/index.php\/wp-json\/wp\/v2\/media?parent=2093"}],"wp:term":[{"taxonomy":"category","embeddable":true,"href":"https:\/\/prensapresidencialvenezuela.gob.ve\/index.php\/wp-json\/wp\/v2\/categories?post=2093"},{"taxonomy":"post_tag","embeddable":true,"href":"https:\/\/prensapresidencialvenezuela.gob.ve\/index.php\/wp-json\/wp\/v2\/tags?post=2093"}],"curies":[{"name":"wp","href":"https:\/\/api.w.org\/{rel}","templated":true}]}}