{"id":2096,"date":"2022-05-27T19:19:00","date_gmt":"2022-05-27T19:19:00","guid":{"rendered":"http:\/\/172.27.0.121\/?p=2096"},"modified":"2022-07-01T19:20:53","modified_gmt":"2022-07-01T19:20:53","slug":"latinoamerica-alza-su-voz-y-repudia-discriminacion-de-cumbre-de-las-americas","status":"publish","type":"post","link":"https:\/\/prensapresidencialvenezuela.gob.ve\/index.php\/2022\/05\/27\/latinoamerica-alza-su-voz-y-repudia-discriminacion-de-cumbre-de-las-americas\/","title":{"rendered":"Latinoam\u00e9rica alza su voz y repudia discriminaci\u00f3n de Cumbre de las Am\u00e9ricas"},"content":{"rendered":"\n<p><strong>La Habana, Cuba.- <\/strong>\u201cHemos confirmado&nbsp; el enorme poder que tiene la conciencia latinoamericana y caribe\u00f1a, la protesta general de los gobiernos, pa\u00edses y pueblos de Am\u00e9rica Latina al pretendido proceso de exclusi\u00f3n de los pueblos de Nicaragua Venezuela y Cuba\u201d.<\/p>\n\n\n\n<p>Las palabras corresponden al presidente de la Rep\u00fablica Bolivariana de Venezuela, Nicol\u00e1s Maduro Moros, al reafirmar el car\u00e1cter de uni\u00f3n que expresan los gobiernos y pueblos de Latinoam\u00e9rica y el Caribe, alzando su voz para repudiar el proceso de exclusi\u00f3n, por razones ideol\u00f3gicas, de Cuba, Nicaragua y Venezuela, a la IX Cumbre de las Am\u00e9ricas, cuya sede ser\u00e1 en la ciudad de Los \u00c1ngeles, Estados Unidos.<\/p>\n\n\n\n<p>\u201cDecimos convocatoria err\u00e1tica porque se pretende excluir de esa reuni\u00f3n en Los \u00c1ngeles a los pueblos de Nicaragua, Cuba y Venezuela\u201d, subray\u00f3 Maduro al&nbsp;agradecer la solidaridad expresada por 14 gobiernos pertenecientes a la Comunidad del Caribe (CARICOM) que se opusieron a la exclusi\u00f3n de Venezuela, Cuba y Nicaragua de la convocatoria a la cumbre de las Am\u00e9ricas.<\/p>\n\n\n\n<p>\u201cHemos visto como surgen las voces del CARICOM de manera unida y contundente\u201d, precis\u00f3.<\/p>\n\n\n\n<p>En esa l\u00ednea, destac\u00f3 que han surgido&nbsp; voces firmes y valientes como los Gobiernos de Manuel L\u00f3pez Obrador (M\u00e9xico), quien \u201cha levantado la voz de la verdad, la moral, de la dignidad\u201d.<\/p>\n\n\n\n<p>Asimismo, agradeci\u00f3 a sus pares de Honduras, Xiomara Castro y Bolivia, Luis Arce, quienes tambi\u00e9n se han pronunciado a favor de los pueblos de Bol\u00edvar, Mart\u00ed y Sandino.<\/p>\n\n\n\n<p>\u00abHemos visto voces s\u00f3lidas, valientes, que con distintas tonalidades han sido contundentes y claros en condenar la exclusi\u00f3n \u00a1La voz del Continente retumba en conciencia!\u00bb, subray\u00f3.<\/p>\n\n\n\n<p>El Dignatario augur\u00f3 nuevos y mejores tiempos para los pueblos del continente, gracias a las banderas de unidad.<\/p>\n\n\n\n<p>\u201cHa valido la pena la lucha de varias generaciones de latinoamericanos y caribe\u00f1os por levantar la bandera de la unidad. Nuevos y mejores tiempos vendr\u00e1n para Am\u00e9rica Latina y el Caribe\u201d<\/p>\n\n\n\n<p><strong>Prensa Presidencial\/Eduardo Hueck<\/strong><\/p>\n","protected":false},"excerpt":{"rendered":"<p>La Habana, Cuba.- \u201cHemos confirmado&nbsp; el enorme poder que tiene la conciencia latinoamericana y caribe\u00f1a, la protesta general de los gobiernos, pa\u00edses y pueblos de Am\u00e9rica Latina al pretendido proceso de exclusi\u00f3n de los pueblos de Nicaragua Venezuela y Cuba\u201d. Las palabras corresponden al presidente de la Rep\u00fablica Bolivariana de Venezuela, Nicol\u00e1s Maduro Moros, al [&hellip;]<\/p>\n","protected":false},"author":6,"featured_media":2097,"comment_status":"open","ping_status":"open","sticky":false,"template":"","format":"standard","meta":{"footnotes":""},"categories":[7],"tags":[],"class_list":["post-2096","post","type-post","status-publish","format-standard","has-post-thumbnail","hentry","category-notas-de-prensa"],"_links":{"self":[{"href":"https:\/\/prensapresidencialvenezuela.gob.ve\/index.php\/wp-json\/wp\/v2\/posts\/2096","targetHints":{"allow":["GET"]}}],"collection":[{"href":"https:\/\/prensapresidencialvenezuela.gob.ve\/index.php\/wp-json\/wp\/v2\/posts"}],"about":[{"href":"https:\/\/prensapresidencialvenezuela.gob.ve\/index.php\/wp-json\/wp\/v2\/types\/post"}],"author":[{"embeddable":true,"href":"https:\/\/prensapresidencialvenezuela.gob.ve\/index.php\/wp-json\/wp\/v2\/users\/6"}],"replies":[{"embeddable":true,"href":"https:\/\/prensapresidencialvenezuela.gob.ve\/index.php\/wp-json\/wp\/v2\/comments?post=2096"}],"version-history":[{"count":1,"href":"https:\/\/prensapresidencialvenezuela.gob.ve\/index.php\/wp-json\/wp\/v2\/posts\/2096\/revisions"}],"predecessor-version":[{"id":2098,"href":"https:\/\/prensapresidencialvenezuela.gob.ve\/index.php\/wp-json\/wp\/v2\/posts\/2096\/revisions\/2098"}],"wp:featuredmedia":[{"embeddable":true,"href":"https:\/\/prensapresidencialvenezuela.gob.ve\/index.php\/wp-json\/wp\/v2\/media\/2097"}],"wp:attachment":[{"href":"https:\/\/prensapresidencialvenezuela.gob.ve\/index.php\/wp-json\/wp\/v2\/media?parent=2096"}],"wp:term":[{"taxonomy":"category","embeddable":true,"href":"https:\/\/prensapresidencialvenezuela.gob.ve\/index.php\/wp-json\/wp\/v2\/categories?post=2096"},{"taxonomy":"post_tag","embeddable":true,"href":"https:\/\/prensapresidencialvenezuela.gob.ve\/index.php\/wp-json\/wp\/v2\/tags?post=2096"}],"curies":[{"name":"wp","href":"https:\/\/api.w.org\/{rel}","templated":true}]}}