{"id":2105,"date":"2022-05-27T19:24:00","date_gmt":"2022-05-27T19:24:00","guid":{"rendered":"http:\/\/172.27.0.121\/?p=2105"},"modified":"2022-07-01T19:25:52","modified_gmt":"2022-07-01T19:25:52","slug":"presidente-maduro-agradece-respaldo-de-argentina-frente-a-politica-erratica-de-eeuu","status":"publish","type":"post","link":"https:\/\/prensapresidencialvenezuela.gob.ve\/index.php\/2022\/05\/27\/presidente-maduro-agradece-respaldo-de-argentina-frente-a-politica-erratica-de-eeuu\/","title":{"rendered":"Presidente Maduro agradece respaldo de Argentina frente a pol\u00edtica err\u00e1tica de EEUU"},"content":{"rendered":"\n<p><strong>La Habana, Rep\u00fablica de Cuba. \u2013<\/strong>En la Vig\u00e9sima Primera Cumbre del ALBA -TCP, el presidente de la Rep\u00fablica Bolivariana de Venezuela, Nicol\u00e1s Maduro, agradeci\u00f3 el respaldo de su colega de Argentina, Alberto Fern\u00e1ndez, quien refut\u00f3 la pol\u00edtica de exclusi\u00f3n que encabeza el gobierno estadounidense al descartar la participaci\u00f3n de naciones de Am\u00e9rica Latina y El Caribe de la Cumbre de las Am\u00e9ricas.<\/p>\n\n\n\n<p>\u201cDesde esta tribuna, de la ALBA, agradecemos las declaraciones valientes del presidente de la (Comunidad de Estados Latinoamericanos y caribe\u00f1os) CELAC, el presidente argentino Alberto Fern\u00e1ndez\u201d, subray\u00f3.<\/p>\n\n\n\n<p>\u201cLe mandamos el agradecimiento del pueblo humilde, del pueblo valiente y trabajador de Venezuela, de los pueblos del ALBA\u201d, enfatiz\u00f3 el presidente Maduro, al ratificar que la voz firme, clara y valiente (de Fern\u00e1ndez), ser\u00e1 una de las voces m\u00e1s poderosas para cuestionar la exclusi\u00f3n y el intento de divisi\u00f3n de Am\u00e9rica Latina y el Caribe con esta pol\u00edtica err\u00e1tica del gobierno de Estados Unidos\u201d.<\/p>\n\n\n\n<p>Argument\u00f3 el Mandatario venezolano que es \u201cerr\u00e1tica porque se ha pretendido, y se pretende, excluir de esa reuni\u00f3n que se autodenomina Cumbre de las Am\u00e9ricas a los pueblos de Nicaragua, Cuba y Venezuela\u201d, al sostener que es indiscutible el \u201cpoder que tiene la conciencia latinoamericana y caribe\u00f1a\u00bb.<\/p>\n\n\n\n<p>\u201c\u00a1Valiente posici\u00f3n del presidente Alberto Fern\u00e1ndez!\u201d, expres\u00f3.<\/p>\n\n\n\n<p>En contraposici\u00f3n, el presidente Maduro se\u00f1al\u00f3 que el siglo XXI \u201ces nuestro siglo, es el siglo de Am\u00e9rica Latina y el Caribe, es el siglo de la uni\u00f3n y la liberaci\u00f3n de todo un continente. Ya es suficiente, dos siglos de expoliaci\u00f3n, invasiones, amenazas, de hegemonismo imperial\u201d.<\/p>\n\n\n\n<p>\u201cEste es nuestro siglo y nuestro camino es Am\u00e9rica Latina y el Caribe, el ALBA. El camino de los iguales, el respeto, la inclusi\u00f3n, la convocatoria unitaria\u201d, dijo al ratificar \u201cplenamente el compromiso de Venezuela con el camino de la uni\u00f3n y la liberaci\u00f3n del continente\u201d.<\/p>\n\n\n\n<p><strong>Prensa Presidencial\/Ana\u00eds P\u00e9rez<\/strong><\/p>\n","protected":false},"excerpt":{"rendered":"<p>La Habana, Rep\u00fablica de Cuba. \u2013En la Vig\u00e9sima Primera Cumbre del ALBA -TCP, el presidente de la Rep\u00fablica Bolivariana de Venezuela, Nicol\u00e1s Maduro, agradeci\u00f3 el respaldo de su colega de Argentina, Alberto Fern\u00e1ndez, quien refut\u00f3 la pol\u00edtica de exclusi\u00f3n que encabeza el gobierno estadounidense al descartar la participaci\u00f3n de naciones de Am\u00e9rica Latina y El [&hellip;]<\/p>\n","protected":false},"author":6,"featured_media":2106,"comment_status":"open","ping_status":"open","sticky":false,"template":"","format":"standard","meta":{"footnotes":""},"categories":[7],"tags":[],"class_list":["post-2105","post","type-post","status-publish","format-standard","has-post-thumbnail","hentry","category-notas-de-prensa"],"_links":{"self":[{"href":"https:\/\/prensapresidencialvenezuela.gob.ve\/index.php\/wp-json\/wp\/v2\/posts\/2105","targetHints":{"allow":["GET"]}}],"collection":[{"href":"https:\/\/prensapresidencialvenezuela.gob.ve\/index.php\/wp-json\/wp\/v2\/posts"}],"about":[{"href":"https:\/\/prensapresidencialvenezuela.gob.ve\/index.php\/wp-json\/wp\/v2\/types\/post"}],"author":[{"embeddable":true,"href":"https:\/\/prensapresidencialvenezuela.gob.ve\/index.php\/wp-json\/wp\/v2\/users\/6"}],"replies":[{"embeddable":true,"href":"https:\/\/prensapresidencialvenezuela.gob.ve\/index.php\/wp-json\/wp\/v2\/comments?post=2105"}],"version-history":[{"count":1,"href":"https:\/\/prensapresidencialvenezuela.gob.ve\/index.php\/wp-json\/wp\/v2\/posts\/2105\/revisions"}],"predecessor-version":[{"id":2107,"href":"https:\/\/prensapresidencialvenezuela.gob.ve\/index.php\/wp-json\/wp\/v2\/posts\/2105\/revisions\/2107"}],"wp:featuredmedia":[{"embeddable":true,"href":"https:\/\/prensapresidencialvenezuela.gob.ve\/index.php\/wp-json\/wp\/v2\/media\/2106"}],"wp:attachment":[{"href":"https:\/\/prensapresidencialvenezuela.gob.ve\/index.php\/wp-json\/wp\/v2\/media?parent=2105"}],"wp:term":[{"taxonomy":"category","embeddable":true,"href":"https:\/\/prensapresidencialvenezuela.gob.ve\/index.php\/wp-json\/wp\/v2\/categories?post=2105"},{"taxonomy":"post_tag","embeddable":true,"href":"https:\/\/prensapresidencialvenezuela.gob.ve\/index.php\/wp-json\/wp\/v2\/tags?post=2105"}],"curies":[{"name":"wp","href":"https:\/\/api.w.org\/{rel}","templated":true}]}}