{"id":2112,"date":"2022-05-27T19:28:00","date_gmt":"2022-05-27T19:28:00","guid":{"rendered":"http:\/\/172.27.0.121\/?p=2112"},"modified":"2022-07-01T19:29:31","modified_gmt":"2022-07-01T19:29:31","slug":"cumbre-de-las-americas-dejo-de-ser-el-arma-de-la-doctrina-monroe","status":"publish","type":"post","link":"https:\/\/prensapresidencialvenezuela.gob.ve\/index.php\/2022\/05\/27\/cumbre-de-las-americas-dejo-de-ser-el-arma-de-la-doctrina-monroe\/","title":{"rendered":"Cumbre de las Am\u00e9ricas dej\u00f3 de ser el arma de la doctrina Monroe"},"content":{"rendered":"\n<p><strong>La Habana, Cuba.- <\/strong>La Cumbre de las Am\u00e9ricas \u201cdej\u00f3 de ser el arma \u00fatil para la doctrina Monroe\u201d, dado que \u201cen este planeta no caben espacios para el imperialismo, colonialismo y hegemonismo\u201d, enfatiz\u00f3 el presidente de la Rep\u00fablica de Nicaragua, Daniel Ortega.<\/p>\n\n\n\n<p>Explic\u00f3 que -en nombre de la democracia- Estados Unidos pretende imponer \u201cuna pol\u00edtica internacional tir\u00e1nica, imperialista y terrorista\u201d. Sin embargo, su af\u00e1n colonialista qued\u00f3 derrotado en Am\u00e9rica Latina con el nacimiento de la Comunidad de Estados Latinoamericanos y Caribe\u00f1os (Celac), ocurrido en 2010.<\/p>\n\n\n\n<p>\u201cLa Celac enterr\u00f3 a la doctrina Monroe. Am\u00e9rica Latina y el Caribe ya no es para Estados Unidos, Am\u00e9rica Latina y el Caribe es para los latinoamericanos y caribe\u00f1os\u201d, recalc\u00f3 durante su intervenci\u00f3n en la XXI Cumbre de la Alianza Bolivariana para los Pueblos de Nuestra Am\u00e9rica \u2013 Tratado de Comercio de los Pueblos (ALBA-TCP).<\/p>\n\n\n\n<p>Ortega destac\u00f3 los esfuerzos de di\u00e1logo y cooperaci\u00f3n emprendidos desde la Celac para incluir a quienes protagonizan \u201cesos polos que se han venido configurando\u201d como Rusia, China e India en funci\u00f3n del desarrollo conjunto.<\/p>\n\n\n\n<p>En este sentido, subray\u00f3 que \u201cdebemos sentirnos orgullosos de que tenemos una unidad latinoamericana y caribe\u00f1a en medio de la diversidad y que respetamos nuestras diferencias\u201d.<\/p>\n\n\n\n<p>Al referir la situaci\u00f3n de conflicto entre Rusia y Ucrania, Ortega se\u00f1al\u00f3 que los atentados contra la paz alentados por Occidente finalizar\u00e1n \u201ccon un cambio profundo donde el imperialismo tendr\u00e1 que dejar de ser imperialismo, donde la OTAN tendr\u00e1 que dejar de ser la OTAN tratando de apoderarse del mundo y tendr\u00e1n que entender que para que podamos vivir en este planeta no queda mas alternativa que reconocernos en un esp\u00edritu de respeto, principios del multilateralismo\u201d.<\/p>\n\n\n\n<p><strong>Prensa Presidencial\/Karelis Gonz\u00e1lez<\/strong><\/p>\n","protected":false},"excerpt":{"rendered":"<p>La Habana, Cuba.- La Cumbre de las Am\u00e9ricas \u201cdej\u00f3 de ser el arma \u00fatil para la doctrina Monroe\u201d, dado que \u201cen este planeta no caben espacios para el imperialismo, colonialismo y hegemonismo\u201d, enfatiz\u00f3 el presidente de la Rep\u00fablica de Nicaragua, Daniel Ortega. Explic\u00f3 que -en nombre de la democracia- Estados Unidos pretende imponer \u201cuna pol\u00edtica [&hellip;]<\/p>\n","protected":false},"author":6,"featured_media":2113,"comment_status":"open","ping_status":"open","sticky":false,"template":"","format":"standard","meta":{"footnotes":""},"categories":[7],"tags":[],"class_list":["post-2112","post","type-post","status-publish","format-standard","has-post-thumbnail","hentry","category-notas-de-prensa"],"_links":{"self":[{"href":"https:\/\/prensapresidencialvenezuela.gob.ve\/index.php\/wp-json\/wp\/v2\/posts\/2112","targetHints":{"allow":["GET"]}}],"collection":[{"href":"https:\/\/prensapresidencialvenezuela.gob.ve\/index.php\/wp-json\/wp\/v2\/posts"}],"about":[{"href":"https:\/\/prensapresidencialvenezuela.gob.ve\/index.php\/wp-json\/wp\/v2\/types\/post"}],"author":[{"embeddable":true,"href":"https:\/\/prensapresidencialvenezuela.gob.ve\/index.php\/wp-json\/wp\/v2\/users\/6"}],"replies":[{"embeddable":true,"href":"https:\/\/prensapresidencialvenezuela.gob.ve\/index.php\/wp-json\/wp\/v2\/comments?post=2112"}],"version-history":[{"count":1,"href":"https:\/\/prensapresidencialvenezuela.gob.ve\/index.php\/wp-json\/wp\/v2\/posts\/2112\/revisions"}],"predecessor-version":[{"id":2114,"href":"https:\/\/prensapresidencialvenezuela.gob.ve\/index.php\/wp-json\/wp\/v2\/posts\/2112\/revisions\/2114"}],"wp:featuredmedia":[{"embeddable":true,"href":"https:\/\/prensapresidencialvenezuela.gob.ve\/index.php\/wp-json\/wp\/v2\/media\/2113"}],"wp:attachment":[{"href":"https:\/\/prensapresidencialvenezuela.gob.ve\/index.php\/wp-json\/wp\/v2\/media?parent=2112"}],"wp:term":[{"taxonomy":"category","embeddable":true,"href":"https:\/\/prensapresidencialvenezuela.gob.ve\/index.php\/wp-json\/wp\/v2\/categories?post=2112"},{"taxonomy":"post_tag","embeddable":true,"href":"https:\/\/prensapresidencialvenezuela.gob.ve\/index.php\/wp-json\/wp\/v2\/tags?post=2112"}],"curies":[{"name":"wp","href":"https:\/\/api.w.org\/{rel}","templated":true}]}}