{"id":2137,"date":"2022-05-31T14:00:00","date_gmt":"2022-05-31T14:00:00","guid":{"rendered":"http:\/\/172.27.0.121\/?p=2137"},"modified":"2022-07-13T14:02:32","modified_gmt":"2022-07-13T14:02:32","slug":"recaudacion-por-el-impuesto-a-las-transacciones-en-divisas-se-incremento-en-el-pais","status":"publish","type":"post","link":"https:\/\/prensapresidencialvenezuela.gob.ve\/index.php\/2022\/05\/31\/recaudacion-por-el-impuesto-a-las-transacciones-en-divisas-se-incremento-en-el-pais\/","title":{"rendered":"Recaudaci\u00f3n por el impuesto a las transacciones en divisas se increment\u00f3 en el pa\u00eds"},"content":{"rendered":"\n<p><strong>Palacio de Miraflores, Caracas.-<\/strong> En la primera edici\u00f3n del programa 3R.Live, transmitido por su cuenta de la red social de Facebook, el presidente de la Rep\u00fablica Bolivariana de Venezuela, Nicol\u00e1s Maduro, junto a la vicepresidenta Ejecutiva, Delcy Rodr\u00edguez, valoraron que actualmente hay mayor recaudaci\u00f3n por el impuesto a las transacciones en divisas.<\/p>\n\n\n\n<p>\u201cMarcha muy bien (\u2026) las divisas est\u00e1n jugando un papel muy importante, tambi\u00e9n el mercado cambiario, por otra parte, los venezolanos est\u00e1n usando m\u00e1s su moneda, hay mayor recaudaci\u00f3n por el impuesto (\u2026) Es un impuesto que ha tenido un impacto muy positivo en la econom\u00eda (Impuesto a las Transacciones en Divisas) y, sin duda, el pueblo venezolano entiende y comprende que no hay prohibici\u00f3n, sino que coexisten distintas monedas\u201d, se\u00f1al\u00f3 la vicepresidenta Rodr\u00edguez.<\/p>\n\n\n\n<p>Este reporte lo precis\u00f3 la alta funcionaria, luego de que el Jefe de Estado se\u00f1al\u00f3 que \u00abel impuesto a las transacciones en divisas del 3% est\u00e1 empujando al venezolano a utilizar el bol\u00edvar, de acuerdo a un estudio realizado por Eco Anal\u00edtica, en una art\u00edculo publicado en Bloomberg, donde se expresa que las transacciones en divisas han ca\u00eddo casi diez puntos porcentuales, luego de alcanzar un m\u00e1ximo durante el primer trimestre del a\u00f1o pasado\u201d.<\/p>\n\n\n\n<p>Por otra parte, el Presidente llam\u00f3 a salirse del debate de \u201csi Venezuela se arregl\u00f3 o no\u201d a quienes insisten en crear una diatriba con el tema; en consecuencia invit\u00f3 a ver y valorar que lo importante es que hay signos de recuperaci\u00f3n econ\u00f3mica en el pa\u00eds.<\/p>\n\n\n\n<p>\u201cEl bol\u00edvar ha venido fortaleci\u00e9ndose con fuerza, poder y fuerza monetaria real, la fuerza del mercado, la fuerza de la actividad econ\u00f3mica, la fuerza de una actividad s\u00f3lida que produce bol\u00edvar org\u00e1nico. Venezuela se est\u00e1 recuperando, Venezuela necesita de todos y de todas. Tambi\u00e9n necesita de ustedes que tuvieron que irse producto de la hecatombe econ\u00f3mica\u201d, dijo el Dignatario respecto a quienes, como una v\u00e1lvula de escape, salieron de Venezuela, y ya han regresado miles.<\/p>\n\n\n\n<p>\u201cLes digo, a los que est\u00e1n por all\u00e1 y saben que est\u00e1n pas\u00e1ndola mal (\u2026) en Bogot\u00e1, en Lima, en Quito, Santiago de Chile, v\u00e9nganse. Vuelta a la Patria. Nuestra Patria est\u00e1 mejorando, avanzando, paso a paso\u201d, les expres\u00f3.<\/p>\n\n\n\n<p>A los migrantes venezolanos ratific\u00f3: \u201cUstedes saben lo bello que es el esp\u00edritu y el ser venezolano. Ustedes saben lo mucho que cruja una situaci\u00f3n, la Patria es la Patria\u201d.<\/p>\n\n\n\n<p><strong>Prensa Presidencial\/Ana\u00eds P\u00e9rez<\/strong><\/p>\n","protected":false},"excerpt":{"rendered":"<p>Palacio de Miraflores, Caracas.- En la primera edici\u00f3n del programa 3R.Live, transmitido por su cuenta de la red social de Facebook, el presidente de la Rep\u00fablica Bolivariana de Venezuela, Nicol\u00e1s Maduro, junto a la vicepresidenta Ejecutiva, Delcy Rodr\u00edguez, valoraron que actualmente hay mayor recaudaci\u00f3n por el impuesto a las transacciones en divisas. \u201cMarcha muy bien [&hellip;]<\/p>\n","protected":false},"author":6,"featured_media":2138,"comment_status":"open","ping_status":"open","sticky":false,"template":"","format":"standard","meta":{"footnotes":""},"categories":[7],"tags":[],"class_list":["post-2137","post","type-post","status-publish","format-standard","has-post-thumbnail","hentry","category-notas-de-prensa"],"_links":{"self":[{"href":"https:\/\/prensapresidencialvenezuela.gob.ve\/index.php\/wp-json\/wp\/v2\/posts\/2137","targetHints":{"allow":["GET"]}}],"collection":[{"href":"https:\/\/prensapresidencialvenezuela.gob.ve\/index.php\/wp-json\/wp\/v2\/posts"}],"about":[{"href":"https:\/\/prensapresidencialvenezuela.gob.ve\/index.php\/wp-json\/wp\/v2\/types\/post"}],"author":[{"embeddable":true,"href":"https:\/\/prensapresidencialvenezuela.gob.ve\/index.php\/wp-json\/wp\/v2\/users\/6"}],"replies":[{"embeddable":true,"href":"https:\/\/prensapresidencialvenezuela.gob.ve\/index.php\/wp-json\/wp\/v2\/comments?post=2137"}],"version-history":[{"count":2,"href":"https:\/\/prensapresidencialvenezuela.gob.ve\/index.php\/wp-json\/wp\/v2\/posts\/2137\/revisions"}],"predecessor-version":[{"id":2140,"href":"https:\/\/prensapresidencialvenezuela.gob.ve\/index.php\/wp-json\/wp\/v2\/posts\/2137\/revisions\/2140"}],"wp:featuredmedia":[{"embeddable":true,"href":"https:\/\/prensapresidencialvenezuela.gob.ve\/index.php\/wp-json\/wp\/v2\/media\/2138"}],"wp:attachment":[{"href":"https:\/\/prensapresidencialvenezuela.gob.ve\/index.php\/wp-json\/wp\/v2\/media?parent=2137"}],"wp:term":[{"taxonomy":"category","embeddable":true,"href":"https:\/\/prensapresidencialvenezuela.gob.ve\/index.php\/wp-json\/wp\/v2\/categories?post=2137"},{"taxonomy":"post_tag","embeddable":true,"href":"https:\/\/prensapresidencialvenezuela.gob.ve\/index.php\/wp-json\/wp\/v2\/tags?post=2137"}],"curies":[{"name":"wp","href":"https:\/\/api.w.org\/{rel}","templated":true}]}}