{"id":2141,"date":"2022-05-31T14:02:00","date_gmt":"2022-05-31T14:02:00","guid":{"rendered":"http:\/\/172.27.0.121\/?p=2141"},"modified":"2022-07-13T14:06:02","modified_gmt":"2022-07-13T14:06:02","slug":"sanciones-de-la-ue-contra-rusia-es-un-suicidio-economico-para-el-mundo","status":"publish","type":"post","link":"https:\/\/prensapresidencialvenezuela.gob.ve\/index.php\/2022\/05\/31\/sanciones-de-la-ue-contra-rusia-es-un-suicidio-economico-para-el-mundo\/","title":{"rendered":"Sanciones de la UE contra Rusia es un suicidio econ\u00f3mico para el mundo"},"content":{"rendered":"\n<p><strong>Pa<\/strong><strong>lacio de Miraflores, Caracas.-<\/strong>&nbsp;\u201cLas medidas de sanciones contra Rusia, tomadas por la Uni\u00f3n Europea, son un suicidio econ\u00f3mico para Estados Unidos, Europa y el mundo\u201d, alert\u00f3 en su primera edici\u00f3n del programa 3R.Live, transmitido por las redes sociales, el presidente de la Rep\u00fablica Bolivariana de Venezuela, Nicol\u00e1s Maduro.<\/p>\n\n\n\n<p>El Jefe de Estado explic\u00f3 que con ello \u201cse est\u00e1 provocando la m\u00e1s grande inflaci\u00f3n que se haya producido en los \u00faltimos cuarenta a\u00f1os, producto del odio contra Rusia, producto de la irresponsabilidad de los l\u00edderes europeos\u201d.<\/p>\n\n\n\n<p>\u201cEsas decisiones que tomaron ayer en la noche se revuelven como un boomerang. El petr\u00f3leo se dispar\u00f3 hoy a 123 d\u00f3lares el barril y va para arriba. La gasolina se dispar\u00f3 a m\u00e1s de 330 d\u00f3lares el barril y va para arriba. Y con el petr\u00f3leo, la gasolina, los alimentos se disparan a la inflaci\u00f3n que nos afecta a todos los pueblos del mundo\u201d, denunci\u00f3 el Mandatario nacional.<\/p>\n\n\n\n<p>No escatim\u00f3 en sostener que \u201ces una locura lo que est\u00e1 haciendo la Uni\u00f3n Europea\u201d, por la que invit\u00f3 a \u201csentarse, reflexionar y rectificar esta locura de sanciones porque las sanciones&nbsp; son contra los pueblos. La econom\u00eda rusa estable, fuerte, el rublo\u201d.<\/p>\n\n\n\n<p>\u201cLo dicen todas las oficinas monetarias y financieras del mundo. El rublo se revaloriz\u00f3 y es la moneda m\u00e1s poderosa, pese a las sanciones. Esto tiene que llamar a la reflexi\u00f3n a los guerreros y a los que llevan la guerra mundial econ\u00f3mica, a los que sancionan a Rusia, a los que nos sancionan a nosotros. Todas las sanciones que toman, una vez que anuncian una sanci\u00f3n, digo: Dios m\u00edo, hasta d\u00f3nde va a llegar esta gente. Es una locura la rusofobia\u201d.<\/p>\n\n\n\n<p>Asimismo, el Dignatario manifest\u00f3 que \u201cVenezuela denuncia la locura de las sanciones y de la persecuci\u00f3n contra Rusia\u201d, al comentar una nota informativa se refiere a \u201cmiles de barcos que permanecen retenidos en el Puerto de Rotterdam (Holanda), creando as\u00ed un problema log\u00edstico gigantesco\u201d.<\/p>\n\n\n\n<p><strong>Prensa Presidencial\/Ana\u00eds P\u00e9rez<\/strong><\/p>\n\n\n\n<p><a rel=\"noreferrer noopener\" href=\"http:\/\/www.minci.gob.ve\/sanciones-de-la-ue-contra-rusia-es-un-suicidio-economico-para-el-mundo\/#\" target=\"_blank\"><\/a><\/p>\n\n\n\n<p><a rel=\"noreferrer noopener\" href=\"https:\/\/plus.google.com\/share?url=http:\/\/www.minci.gob.ve\/sanciones-de-la-ue-contra-rusia-es-un-suicidio-economico-para-el-mundo\/\" target=\"_blank\"><\/a><\/p>\n\n\n\n<p><a href=\"whatsapp:\/\/send?text=Sanciones%20de%20la%20UE%20contra%20Rusia%20es%20un%20suicidio%20econ\u00f3mico%20para%20el%20mundo\u00a0%20http%3A%2F%2Fwww.minci.gob.ve%2F%3Fp%3D432893\"><\/a><\/p>\n\n\n\n<p><a rel=\"noreferrer noopener\" href=\"\/\/msg?text=Sanciones%20de%20la%20UE%20contra%20Rusia%20es%20un%20suicidio%20econ\u00f3mico%20para%20el%20mundo\u00a0%20http%3A%2F%2Fwww.minci.gob.ve%2F%3Fp%3D432893\" target=\"_blank\"><\/a><\/p>\n\n\n\n<p><a rel=\"noreferrer noopener\" href=\"sms:&amp;body=Sanciones%20de%20la%20UE%20contra%20Rusia%20es%20un%20suicidio%20econ\u00f3mico%20para%20el%20mundo\u00a0%20http%3A%2F%2Fwww.minci.gob.ve%2F%3Fp%3D432893\" target=\"_blank\"><\/a><\/p>\n\n\n\n<p><a rel=\"noreferrer noopener\" href=\"http:\/\/compose.mail.yahoo.com\/?body=http:\/\/www.minci.gob.ve\/sanciones-de-la-ue-contra-rusia-es-un-suicidio-economico-para-el-mundo\/\" target=\"_blank\"><\/a><\/p>\n\n\n\n<p><a rel=\"noreferrer noopener\" href=\"https:\/\/mail.google.com\/mail\/u\/0\/?view=cm&amp;fs=1&amp;su=Sanciones+de+la+UE+contra+Rusia+es+un+suicidio+econ%C3%B3mico+para+el+mundo%C2%A0&amp;body=http:\/\/www.minci.gob.ve\/sanciones-de-la-ue-contra-rusia-es-un-suicidio-economico-para-el-mundo\/&amp;ui=2&amp;tf=1\" target=\"_blank\"><\/a><\/p>\n","protected":false},"excerpt":{"rendered":"<p>Palacio de Miraflores, Caracas.-&nbsp;\u201cLas medidas de sanciones contra Rusia, tomadas por la Uni\u00f3n Europea, son un suicidio econ\u00f3mico para Estados Unidos, Europa y el mundo\u201d, alert\u00f3 en su primera edici\u00f3n del programa 3R.Live, transmitido por las redes sociales, el presidente de la Rep\u00fablica Bolivariana de Venezuela, Nicol\u00e1s Maduro. El Jefe de Estado explic\u00f3 que con [&hellip;]<\/p>\n","protected":false},"author":6,"featured_media":2142,"comment_status":"open","ping_status":"open","sticky":false,"template":"","format":"standard","meta":{"footnotes":""},"categories":[7],"tags":[],"class_list":["post-2141","post","type-post","status-publish","format-standard","has-post-thumbnail","hentry","category-notas-de-prensa"],"_links":{"self":[{"href":"https:\/\/prensapresidencialvenezuela.gob.ve\/index.php\/wp-json\/wp\/v2\/posts\/2141","targetHints":{"allow":["GET"]}}],"collection":[{"href":"https:\/\/prensapresidencialvenezuela.gob.ve\/index.php\/wp-json\/wp\/v2\/posts"}],"about":[{"href":"https:\/\/prensapresidencialvenezuela.gob.ve\/index.php\/wp-json\/wp\/v2\/types\/post"}],"author":[{"embeddable":true,"href":"https:\/\/prensapresidencialvenezuela.gob.ve\/index.php\/wp-json\/wp\/v2\/users\/6"}],"replies":[{"embeddable":true,"href":"https:\/\/prensapresidencialvenezuela.gob.ve\/index.php\/wp-json\/wp\/v2\/comments?post=2141"}],"version-history":[{"count":1,"href":"https:\/\/prensapresidencialvenezuela.gob.ve\/index.php\/wp-json\/wp\/v2\/posts\/2141\/revisions"}],"predecessor-version":[{"id":2143,"href":"https:\/\/prensapresidencialvenezuela.gob.ve\/index.php\/wp-json\/wp\/v2\/posts\/2141\/revisions\/2143"}],"wp:featuredmedia":[{"embeddable":true,"href":"https:\/\/prensapresidencialvenezuela.gob.ve\/index.php\/wp-json\/wp\/v2\/media\/2142"}],"wp:attachment":[{"href":"https:\/\/prensapresidencialvenezuela.gob.ve\/index.php\/wp-json\/wp\/v2\/media?parent=2141"}],"wp:term":[{"taxonomy":"category","embeddable":true,"href":"https:\/\/prensapresidencialvenezuela.gob.ve\/index.php\/wp-json\/wp\/v2\/categories?post=2141"},{"taxonomy":"post_tag","embeddable":true,"href":"https:\/\/prensapresidencialvenezuela.gob.ve\/index.php\/wp-json\/wp\/v2\/tags?post=2141"}],"curies":[{"name":"wp","href":"https:\/\/api.w.org\/{rel}","templated":true}]}}