{"id":21410,"date":"2025-07-09T17:08:04","date_gmt":"2025-07-09T21:08:04","guid":{"rendered":"https:\/\/prensapresidencialvenezuela.gob.ve\/?p=21410"},"modified":"2025-07-09T17:08:05","modified_gmt":"2025-07-09T21:08:05","slug":"hospital-universitario-general-de-higuerote-atendera-a-mas-de-9-mil-habitantes-en-miranda","status":"publish","type":"post","link":"https:\/\/prensapresidencialvenezuela.gob.ve\/index.php\/2025\/07\/09\/hospital-universitario-general-de-higuerote-atendera-a-mas-de-9-mil-habitantes-en-miranda\/","title":{"rendered":"Hospital Universitario General de Higuerote: Atender\u00e1 a m\u00e1s de 9 mil habitantes en Miranda"},"content":{"rendered":"\n<p><strong><strong>Este centro m\u00e9dico reinaugurado, durante m\u00e1s de 30 a\u00f1os, se conoci\u00f3 como el Hospital General de Higuerote.\u00a0<\/strong><\/strong><\/p>\n\n\n\n<p><strong>Estado Miranda, parroquia Higuerote. \u2014 <\/strong>Con el objetivo de continuar impulsando la Segunda y Cuarta Transformaci\u00f3n del Plan de las 7 Transformaciones de la Patria, el presidente de la Rep\u00fablica Bolivariana de Venezuela, Nicol\u00e1s Maduro Moros, reinaugur\u00f3 el Hospital Universitario General de Higuerote en el municipio Bri\u00f3n, que beneficiar\u00e1 a una poblaci\u00f3n de 9.630 habitantes.\u00a0<\/p>\n\n\n\n<figure class=\"wp-block-gallery has-nested-images columns-default is-cropped wp-block-gallery-1 is-layout-flex wp-block-gallery-is-layout-flex\">\n<figure class=\"wp-block-image size-large\"><img fetchpriority=\"high\" decoding=\"async\" width=\"1024\" height=\"696\" data-id=\"21412\" src=\"https:\/\/prensapresidencialvenezuela.gob.ve\/wp-content\/uploads\/2025\/07\/18EG__5293_P-1024x696.jpg\" alt=\"\" class=\"wp-image-21412\" srcset=\"https:\/\/prensapresidencialvenezuela.gob.ve\/wp-content\/uploads\/2025\/07\/18EG__5293_P-1024x696.jpg 1024w, https:\/\/prensapresidencialvenezuela.gob.ve\/wp-content\/uploads\/2025\/07\/18EG__5293_P-300x204.jpg 300w, https:\/\/prensapresidencialvenezuela.gob.ve\/wp-content\/uploads\/2025\/07\/18EG__5293_P-768x522.jpg 768w, https:\/\/prensapresidencialvenezuela.gob.ve\/wp-content\/uploads\/2025\/07\/18EG__5293_P-1536x1044.jpg 1536w, https:\/\/prensapresidencialvenezuela.gob.ve\/wp-content\/uploads\/2025\/07\/18EG__5293_P-2048x1392.jpg 2048w\" sizes=\"(max-width: 1024px) 100vw, 1024px\" \/><\/figure>\n\n\n\n<figure class=\"wp-block-image size-large\"><img decoding=\"async\" width=\"1024\" height=\"729\" data-id=\"21411\" src=\"https:\/\/prensapresidencialvenezuela.gob.ve\/wp-content\/uploads\/2025\/07\/13EG__5236_P-1024x729.jpg\" alt=\"\" class=\"wp-image-21411\" srcset=\"https:\/\/prensapresidencialvenezuela.gob.ve\/wp-content\/uploads\/2025\/07\/13EG__5236_P-1024x729.jpg 1024w, https:\/\/prensapresidencialvenezuela.gob.ve\/wp-content\/uploads\/2025\/07\/13EG__5236_P-300x214.jpg 300w, https:\/\/prensapresidencialvenezuela.gob.ve\/wp-content\/uploads\/2025\/07\/13EG__5236_P-768x547.jpg 768w, https:\/\/prensapresidencialvenezuela.gob.ve\/wp-content\/uploads\/2025\/07\/13EG__5236_P-1536x1094.jpg 1536w, https:\/\/prensapresidencialvenezuela.gob.ve\/wp-content\/uploads\/2025\/07\/13EG__5236_P-2048x1459.jpg 2048w\" sizes=\"(max-width: 1024px) 100vw, 1024px\" \/><\/figure>\n<\/figure>\n\n\n\n<h2 class=\"wp-block-heading alignwide\"><strong>Este centro hospitalario, ubicado en la urbanizaci\u00f3n 3 de Junio, tiene capacidad para atender a 250 pacientes diarios y un total de 3.650 mensuales de la localidad, donde residen 1.926 familias.\u00a0<\/strong><\/h2>\n\n\n\n<p>Por otra parte, el personal que labora en este hospital est\u00e1 integrado por 165 personas, distribuidas en las siguientes especialidades:\u00a0<\/p>\n\n\n\n<p><strong>&#8211; 16 m\u00e9dicos generales&nbsp;<\/strong><\/p>\n\n\n\n<p><strong>&#8211; 2 cirujanos&nbsp;<\/strong><\/p>\n\n\n\n<p><strong>&#8211; 46 ginec\u00f3logos&nbsp;<\/strong><\/p>\n\n\n\n<p><strong>&#8211; 5 anestesi\u00f3logos&nbsp;<\/strong><\/p>\n\n\n\n<p><strong>&#8211; 1 traumat\u00f3logo&nbsp;<\/strong><\/p>\n\n\n\n<p><strong>&#8211; 1 internista&nbsp;<\/strong><\/p>\n\n\n\n<p><strong>&#8211; 94 enfermeras<\/strong><\/p>\n\n\n\n<p><strong>&#8211; 4 intensivistas&nbsp;<\/strong><\/p>\n\n\n\n<p><strong>&#8211; 3 radi\u00f3logos&nbsp;<\/strong><\/p>\n\n\n\n<p><strong>&#8211; 3 pediatras&nbsp;<\/strong><\/p>\n\n\n\n<p><strong>&#8211; 2 neurocirujanos, entre otros.&nbsp;<\/strong><\/p>\n\n\n\n<h2 class=\"wp-block-heading\"><strong><strong>Trabajos de rehabilitaci\u00f3n de infraestructura y equipamiento\u00a0<\/strong><\/strong><\/h2>\n\n\n\n<p>Esta labor se realiz\u00f3 de manera conjunta con el Poder Popular organizado, con la finalidad de garantizar la apertura del Hospital Universitario, que antes de su recuperaci\u00f3n se llamaba Hospital General de Higuerote.\u00a0<\/p>\n\n\n\n<h2 class=\"wp-block-heading\"><strong><strong>Entre los trabajos realizados destacan:\u00a0<\/strong><\/strong><\/h2>\n\n\n\n<ul class=\"wp-block-list\">\n<li><strong>&#8211; Impermeabilizaci\u00f3n general del techado.\u00a0<\/strong><\/li>\n\n\n\n<li><strong>&#8211; Climatizaci\u00f3n.<\/strong><\/li>\n\n\n\n<li><strong>&#8211; Iluminaci\u00f3n.\u00a0<\/strong><\/li>\n\n\n\n<li><strong>&#8211; Rehabilitaci\u00f3n integral de paredes y techos internos.\u00a0<\/strong><\/li>\n\n\n\n<li><strong>&#8211; Pintura interna y externa.\u00a0<\/strong><\/li>\n\n\n\n<li><strong>&#8211; Dotaci\u00f3n de mobiliario m\u00e9dico y no m\u00e9dico.\u00a0<\/strong><\/li>\n\n\n\n<li><strong>&#8211; Dotaci\u00f3n de equipos m\u00e9dicos b\u00e1sicos\u00a0<\/strong><\/li>\n\n\n\n<li><strong>&#8211; Instalaci\u00f3n de jardiner\u00eda y plomer\u00eda en general.\u00a0<\/strong><\/li>\n<\/ul>\n\n\n\n<p>En contexto, este municipio cuenta con 24 comunas que integran el Punto y C\u00edrculo de esta comunidad.\u00a0<\/p>\n\n\n\n<p><strong>El centro de atenci\u00f3n m\u00e9dica ofrece 16 servicios de apoyo, entre ellos:\u00a0<\/strong><\/p>\n\n\n\n<p><strong>&#8211; Obstetricia&nbsp;<\/strong><\/p>\n\n\n\n<p><strong>&#8211; Pediatr\u00eda&nbsp;<\/strong><\/p>\n\n\n\n<p><strong>&#8211; Laboratorio&nbsp;<\/strong><\/p>\n\n\n\n<p><strong>&#8211; Rayos X&nbsp;<\/strong><\/p>\n\n\n\n<p><strong>&#8211; Cirug\u00eda general&nbsp;<\/strong><\/p>\n\n\n\n<p><strong>&#8211; Traumatolog\u00eda&nbsp;<\/strong><\/p>\n\n\n\n<p><strong>&#8211; Hospitalizaci\u00f3n (pediatr\u00eda y adultos)&nbsp;<\/strong><\/p>\n\n\n\n<p><strong>&#8211; Odontolog\u00eda&nbsp;<\/strong><\/p>\n\n\n\n<p><strong>&#8211; Epidemiolog\u00eda&nbsp;<\/strong><\/p>\n\n\n\n<p><strong>&#8211; Inmunizaci\u00f3n&nbsp;<\/strong><\/p>\n\n\n\n<p><strong>&#8211; Tomograf\u00eda&nbsp;<\/strong><\/p>\n\n\n\n<p><strong>&#8211; Mamograf\u00eda&nbsp;<\/strong><\/p>\n\n\n\n<p><strong>&#8211; Neonatolog\u00eda&nbsp;<\/strong><\/p>\n\n\n\n<p><strong>&#8211; Medicina interna&nbsp;<\/strong><\/p>\n\n\n\n<p><strong>&#8211; Banco de sangre&nbsp;<\/strong><\/p>\n\n\n\n<p><strong>Durante la actividad, el jefe de Estado estuvo acompa\u00f1ado por:\u00a0<\/strong><\/p>\n\n\n\n<p>&#8211; Cilia Flores, Primera Dama de la Rep\u00fablica.&nbsp;<\/p>\n\n\n\n<p>&#8211; Elio Serrano, gobernador del estado Miranda.&nbsp;<\/p>\n\n\n\n<p>&#8211; Magaly Guti\u00e9rrez, ministra del Poder Popular para la Salud.&nbsp;<\/p>\n\n\n\n<p>&#8211; Gabriela Jim\u00e9nez, vicepresidenta Sectorial de Ciencia, Tecnolog\u00eda, Educaci\u00f3n y Salud.&nbsp;<\/p>\n\n\n\n<p>&#8211; \u00c1ngel Prado, ministro del Poder Popular para las Comunas.&nbsp;<\/p>\n\n\n\n<p><strong>Prensa Presidencial \/ Irmary D\u00edaz<\/strong><\/p>\n","protected":false},"excerpt":{"rendered":"<p>Este centro m\u00e9dico reinaugurado, durante m\u00e1s de 30 a\u00f1os, se conoci\u00f3 como el Hospital General de Higuerote.\u00a0 Estado Miranda, parroquia Higuerote. \u2014 Con el objetivo de continuar impulsando la Segunda y Cuarta Transformaci\u00f3n del Plan de las 7 Transformaciones de la Patria, el presidente de la Rep\u00fablica Bolivariana de Venezuela, Nicol\u00e1s Maduro Moros, reinaugur\u00f3 el [&hellip;]<\/p>\n","protected":false},"author":1,"featured_media":21413,"comment_status":"open","ping_status":"open","sticky":false,"template":"","format":"standard","meta":{"footnotes":""},"categories":[18,7],"tags":[],"class_list":["post-21410","post","type-post","status-publish","format-standard","has-post-thumbnail","hentry","category-noticias-principales","category-notas-de-prensa"],"_links":{"self":[{"href":"https:\/\/prensapresidencialvenezuela.gob.ve\/index.php\/wp-json\/wp\/v2\/posts\/21410","targetHints":{"allow":["GET"]}}],"collection":[{"href":"https:\/\/prensapresidencialvenezuela.gob.ve\/index.php\/wp-json\/wp\/v2\/posts"}],"about":[{"href":"https:\/\/prensapresidencialvenezuela.gob.ve\/index.php\/wp-json\/wp\/v2\/types\/post"}],"author":[{"embeddable":true,"href":"https:\/\/prensapresidencialvenezuela.gob.ve\/index.php\/wp-json\/wp\/v2\/users\/1"}],"replies":[{"embeddable":true,"href":"https:\/\/prensapresidencialvenezuela.gob.ve\/index.php\/wp-json\/wp\/v2\/comments?post=21410"}],"version-history":[{"count":1,"href":"https:\/\/prensapresidencialvenezuela.gob.ve\/index.php\/wp-json\/wp\/v2\/posts\/21410\/revisions"}],"predecessor-version":[{"id":21414,"href":"https:\/\/prensapresidencialvenezuela.gob.ve\/index.php\/wp-json\/wp\/v2\/posts\/21410\/revisions\/21414"}],"wp:featuredmedia":[{"embeddable":true,"href":"https:\/\/prensapresidencialvenezuela.gob.ve\/index.php\/wp-json\/wp\/v2\/media\/21413"}],"wp:attachment":[{"href":"https:\/\/prensapresidencialvenezuela.gob.ve\/index.php\/wp-json\/wp\/v2\/media?parent=21410"}],"wp:term":[{"taxonomy":"category","embeddable":true,"href":"https:\/\/prensapresidencialvenezuela.gob.ve\/index.php\/wp-json\/wp\/v2\/categories?post=21410"},{"taxonomy":"post_tag","embeddable":true,"href":"https:\/\/prensapresidencialvenezuela.gob.ve\/index.php\/wp-json\/wp\/v2\/tags?post=21410"}],"curies":[{"name":"wp","href":"https:\/\/api.w.org\/{rel}","templated":true}]}}