{"id":21420,"date":"2025-07-09T18:14:24","date_gmt":"2025-07-09T22:14:24","guid":{"rendered":"https:\/\/prensapresidencialvenezuela.gob.ve\/?p=21420"},"modified":"2025-07-09T18:18:08","modified_gmt":"2025-07-09T22:18:08","slug":"presidente-maduro-destaca-logros-en-salud-infantil-y-agradece-a-cuba-su-apoyo-solidario","status":"publish","type":"post","link":"https:\/\/prensapresidencialvenezuela.gob.ve\/index.php\/2025\/07\/09\/presidente-maduro-destaca-logros-en-salud-infantil-y-agradece-a-cuba-su-apoyo-solidario\/","title":{"rendered":"Presidente Maduro destaca logros en salud infantil y agradece a Cuba su apoyo solidario\u00a0"},"content":{"rendered":"\n<p><strong>Higuerote, Miranda.-<\/strong> Durante un acto en el que resalt\u00f3 los avances en materia de salud p\u00fablica, el presidente de la Rep\u00fablica Bolivariana de Venezuela, Nicol\u00e1s Maduro, enfatiz\u00f3 el contraste entre las pol\u00edticas de protecci\u00f3n social de su gobierno y la violencia que sufren los ni\u00f1os en conflictos como el de Palestina, al tiempo que agradeci\u00f3 el apoyo hist\u00f3rico de Cuba en la formaci\u00f3n de profesionales de la salud.<\/p>\n\n\n\n<h2 class=\"wp-block-heading alignwide\"><strong>Con un emotivo discurso, subray\u00f3 el compromiso de la Revoluci\u00f3n Bolivariana con la infancia: \u00abPrimero los ni\u00f1os y las ni\u00f1as. Aqu\u00ed no se lanzan bombas ni misiles a los ni\u00f1os, como hacen contra los ni\u00f1os y ni\u00f1as de Palestina, donde han asesinado a m\u00e1s de 18.000. En Venezuela, les damos amor, salud y atenci\u00f3n con profesionales de primera l\u00ednea\u00bb.<\/strong><\/h2>\n\n\n\n<p>Durante la reinauguraci\u00f3n del Hospital Universitario General de Higuerote, en el estado Miranda, destac\u00f3 como logro local la reducci\u00f3n de la mortalidad neonatal en Miranda, atribuida a los esfuerzos de la Revoluci\u00f3n Bolivariana.<\/p>\n\n\n\n<p>En tal sentido, el mandatario no dej\u00f3 pasar la oportunidad para agradecer a Cuba, pa\u00eds aliado en la formaci\u00f3n de m\u00e9dicos venezolanos: \u00abSiempre hay que reconocer a quienes han dado vida y salud. A la Cuba revolucionaria: gracias, Fidel; gracias, Ra\u00fal; gracias, D\u00edaz-Canel; gracias al pueblo cubano\u00bb.<\/p>\n\n\n\n<p>Mencion\u00f3 que la colaboraci\u00f3n binacional en educaci\u00f3n m\u00e9dica, como la Escuela Latinoamericana de Medicina en Caracas y su hom\u00f3loga en La Habana, ha formado a generaciones de profesionales \u00abcon est\u00e1ndares cient\u00edficos mundiales y un profundo humanismo\u00bb.<\/p>\n\n\n\n<p><strong>Prensa Presidencial \/ Iliana Rosales<\/strong><\/p>\n","protected":false},"excerpt":{"rendered":"<p>Higuerote, Miranda.- Durante un acto en el que resalt\u00f3 los avances en materia de salud p\u00fablica, el presidente de la Rep\u00fablica Bolivariana de Venezuela, Nicol\u00e1s Maduro, enfatiz\u00f3 el contraste entre las pol\u00edticas de protecci\u00f3n social de su gobierno y la violencia que sufren los ni\u00f1os en conflictos como el de Palestina, al tiempo que agradeci\u00f3 [&hellip;]<\/p>\n","protected":false},"author":1,"featured_media":21423,"comment_status":"open","ping_status":"open","sticky":false,"template":"","format":"standard","meta":{"footnotes":""},"categories":[18,7],"tags":[],"class_list":["post-21420","post","type-post","status-publish","format-standard","has-post-thumbnail","hentry","category-noticias-principales","category-notas-de-prensa"],"_links":{"self":[{"href":"https:\/\/prensapresidencialvenezuela.gob.ve\/index.php\/wp-json\/wp\/v2\/posts\/21420","targetHints":{"allow":["GET"]}}],"collection":[{"href":"https:\/\/prensapresidencialvenezuela.gob.ve\/index.php\/wp-json\/wp\/v2\/posts"}],"about":[{"href":"https:\/\/prensapresidencialvenezuela.gob.ve\/index.php\/wp-json\/wp\/v2\/types\/post"}],"author":[{"embeddable":true,"href":"https:\/\/prensapresidencialvenezuela.gob.ve\/index.php\/wp-json\/wp\/v2\/users\/1"}],"replies":[{"embeddable":true,"href":"https:\/\/prensapresidencialvenezuela.gob.ve\/index.php\/wp-json\/wp\/v2\/comments?post=21420"}],"version-history":[{"count":2,"href":"https:\/\/prensapresidencialvenezuela.gob.ve\/index.php\/wp-json\/wp\/v2\/posts\/21420\/revisions"}],"predecessor-version":[{"id":21424,"href":"https:\/\/prensapresidencialvenezuela.gob.ve\/index.php\/wp-json\/wp\/v2\/posts\/21420\/revisions\/21424"}],"wp:featuredmedia":[{"embeddable":true,"href":"https:\/\/prensapresidencialvenezuela.gob.ve\/index.php\/wp-json\/wp\/v2\/media\/21423"}],"wp:attachment":[{"href":"https:\/\/prensapresidencialvenezuela.gob.ve\/index.php\/wp-json\/wp\/v2\/media?parent=21420"}],"wp:term":[{"taxonomy":"category","embeddable":true,"href":"https:\/\/prensapresidencialvenezuela.gob.ve\/index.php\/wp-json\/wp\/v2\/categories?post=21420"},{"taxonomy":"post_tag","embeddable":true,"href":"https:\/\/prensapresidencialvenezuela.gob.ve\/index.php\/wp-json\/wp\/v2\/tags?post=21420"}],"curies":[{"name":"wp","href":"https:\/\/api.w.org\/{rel}","templated":true}]}}