{"id":21428,"date":"2025-07-09T19:29:31","date_gmt":"2025-07-09T23:29:31","guid":{"rendered":"https:\/\/prensapresidencialvenezuela.gob.ve\/?p=21428"},"modified":"2025-07-09T19:30:12","modified_gmt":"2025-07-09T23:30:12","slug":"merida-11-cdi-han-sido-dotados-con-alta-tecnologia-para-la-atencion-del-pueblo","status":"publish","type":"post","link":"https:\/\/prensapresidencialvenezuela.gob.ve\/index.php\/2025\/07\/09\/merida-11-cdi-han-sido-dotados-con-alta-tecnologia-para-la-atencion-del-pueblo\/","title":{"rendered":"M\u00e9rida: 11 CDI han sido dotados con alta tecnolog\u00eda para la atenci\u00f3n del pueblo"},"content":{"rendered":"\n<p><strong>Timotes, M\u00e9rida.- <\/strong>El gobernador del estado M\u00e9rida, \u00a0Arnaldo S\u00e1nchez, durante una transmisi\u00f3n televisiva en conjunto con el presidente de la Rep\u00fablica Bolivariana de Venezuela, Nicol\u00e1s Maduro Moros, inform\u00f3 que 11 Centros de Diagn\u00f3stico Integral (CDI) en la entidad han sido dotados con tecnolog\u00eda de alta gama para la atenci\u00f3n de los meride\u00f1os.<\/p>\n\n\n\n<p>A prop\u00f3sito de la reinauguraci\u00f3n del CDI \u00abUrbano Araujo Timotes\u00bb, en Timotes, municipio Miranda de la entidad, expres\u00f3 su gratitud al Mandatario Nacional\u00a0por el apoyo en la gesti\u00f3n de insumos m\u00e9dicos tecnol\u00f3gicos, que permiten brindar un servicio de calidad y, a su vez, afrontar los da\u00f1os ocasionados por las recientes lluvias en la regi\u00f3n.<\/p>\n\n\n\n<figure class=\"wp-block-image size-large\"><img fetchpriority=\"high\" decoding=\"async\" width=\"1024\" height=\"769\" src=\"https:\/\/prensapresidencialvenezuela.gob.ve\/wp-content\/uploads\/2025\/07\/WhatsApp-Image-2025-07-09-at-3.34.44-PM-1024x769.jpeg\" alt=\"\" class=\"wp-image-21431\" srcset=\"https:\/\/prensapresidencialvenezuela.gob.ve\/wp-content\/uploads\/2025\/07\/WhatsApp-Image-2025-07-09-at-3.34.44-PM-1024x769.jpeg 1024w, https:\/\/prensapresidencialvenezuela.gob.ve\/wp-content\/uploads\/2025\/07\/WhatsApp-Image-2025-07-09-at-3.34.44-PM-300x225.jpeg 300w, https:\/\/prensapresidencialvenezuela.gob.ve\/wp-content\/uploads\/2025\/07\/WhatsApp-Image-2025-07-09-at-3.34.44-PM-768x577.jpeg 768w, https:\/\/prensapresidencialvenezuela.gob.ve\/wp-content\/uploads\/2025\/07\/WhatsApp-Image-2025-07-09-at-3.34.44-PM.jpeg 1080w\" sizes=\"(max-width: 1024px) 100vw, 1024px\" \/><\/figure>\n\n\n\n<blockquote class=\"wp-block-quote is-layout-flow wp-block-quote-is-layout-flow\">\n<p><strong>\u00ab<\/strong>Estamos en nuestras hermosas monta\u00f1as de M\u00e9rida, con nuestro pueblo, con nuestra fuerza popular \u2013 militar \u2013 policial- reinaugurando este hermoso CDI\u00bb, sostuvo, no sin antes agradecer la articulaci\u00f3n entre el Ministerio de Salud, la Fuerza Armada Nacional Bolivariana (FANB), comuneros y comuneras, por rehabilitar este espacio que \u00abha quedado como nuevo\u00bb.<\/p>\n<\/blockquote>\n\n\n\n<p>S\u00e1nchez destac\u00f3 que el centro de salud beneficia a las m\u00e1s de 9700 familias de los municipios Miranda (M\u00e9rida) y de Urdaneta (Trujillo), por ser territorios vecinos. Asimismo, precis\u00f3 que se brindan al menos 7 servicios en el CDI, entre ellos, rayos X y endoscopias.<\/p>\n\n\n\n<figure class=\"wp-block-image size-large\"><img decoding=\"async\" width=\"1024\" height=\"769\" src=\"https:\/\/prensapresidencialvenezuela.gob.ve\/wp-content\/uploads\/2025\/07\/WhatsApp-Image-2025-07-09-at-3.34.45-PM-1024x769.jpeg\" alt=\"\" class=\"wp-image-21432\" srcset=\"https:\/\/prensapresidencialvenezuela.gob.ve\/wp-content\/uploads\/2025\/07\/WhatsApp-Image-2025-07-09-at-3.34.45-PM-1024x769.jpeg 1024w, https:\/\/prensapresidencialvenezuela.gob.ve\/wp-content\/uploads\/2025\/07\/WhatsApp-Image-2025-07-09-at-3.34.45-PM-300x225.jpeg 300w, https:\/\/prensapresidencialvenezuela.gob.ve\/wp-content\/uploads\/2025\/07\/WhatsApp-Image-2025-07-09-at-3.34.45-PM-768x577.jpeg 768w, https:\/\/prensapresidencialvenezuela.gob.ve\/wp-content\/uploads\/2025\/07\/WhatsApp-Image-2025-07-09-at-3.34.45-PM.jpeg 1080w\" sizes=\"(max-width: 1024px) 100vw, 1024px\" \/><\/figure>\n\n\n\n<p>Igualmente, detall\u00f3 que se cuenta con una plantilla de unos 61 profesionales de la salud y que, aparte de la rehabilitaci\u00f3n de este centro diagn\u00f3stico, se hizo lo propio con una Sala de Rehabilitaci\u00f3n Integral (SRI).<\/p>\n\n\n\n<p><strong>Prensa Presidencial \/ Iliana Rosales<\/strong><\/p>\n","protected":false},"excerpt":{"rendered":"<p>Timotes, M\u00e9rida.- El gobernador del estado M\u00e9rida, \u00a0Arnaldo S\u00e1nchez, durante una transmisi\u00f3n televisiva en conjunto con el presidente de la Rep\u00fablica Bolivariana de Venezuela, Nicol\u00e1s Maduro Moros, inform\u00f3 que 11 Centros de Diagn\u00f3stico Integral (CDI) en la entidad han sido dotados con tecnolog\u00eda de alta gama para la atenci\u00f3n de los meride\u00f1os. A prop\u00f3sito de [&hellip;]<\/p>\n","protected":false},"author":1,"featured_media":21429,"comment_status":"open","ping_status":"open","sticky":false,"template":"","format":"standard","meta":{"footnotes":""},"categories":[18,7],"tags":[],"class_list":["post-21428","post","type-post","status-publish","format-standard","has-post-thumbnail","hentry","category-noticias-principales","category-notas-de-prensa"],"_links":{"self":[{"href":"https:\/\/prensapresidencialvenezuela.gob.ve\/index.php\/wp-json\/wp\/v2\/posts\/21428","targetHints":{"allow":["GET"]}}],"collection":[{"href":"https:\/\/prensapresidencialvenezuela.gob.ve\/index.php\/wp-json\/wp\/v2\/posts"}],"about":[{"href":"https:\/\/prensapresidencialvenezuela.gob.ve\/index.php\/wp-json\/wp\/v2\/types\/post"}],"author":[{"embeddable":true,"href":"https:\/\/prensapresidencialvenezuela.gob.ve\/index.php\/wp-json\/wp\/v2\/users\/1"}],"replies":[{"embeddable":true,"href":"https:\/\/prensapresidencialvenezuela.gob.ve\/index.php\/wp-json\/wp\/v2\/comments?post=21428"}],"version-history":[{"count":2,"href":"https:\/\/prensapresidencialvenezuela.gob.ve\/index.php\/wp-json\/wp\/v2\/posts\/21428\/revisions"}],"predecessor-version":[{"id":21433,"href":"https:\/\/prensapresidencialvenezuela.gob.ve\/index.php\/wp-json\/wp\/v2\/posts\/21428\/revisions\/21433"}],"wp:featuredmedia":[{"embeddable":true,"href":"https:\/\/prensapresidencialvenezuela.gob.ve\/index.php\/wp-json\/wp\/v2\/media\/21429"}],"wp:attachment":[{"href":"https:\/\/prensapresidencialvenezuela.gob.ve\/index.php\/wp-json\/wp\/v2\/media?parent=21428"}],"wp:term":[{"taxonomy":"category","embeddable":true,"href":"https:\/\/prensapresidencialvenezuela.gob.ve\/index.php\/wp-json\/wp\/v2\/categories?post=21428"},{"taxonomy":"post_tag","embeddable":true,"href":"https:\/\/prensapresidencialvenezuela.gob.ve\/index.php\/wp-json\/wp\/v2\/tags?post=21428"}],"curies":[{"name":"wp","href":"https:\/\/api.w.org\/{rel}","templated":true}]}}