{"id":21439,"date":"2025-07-09T19:59:10","date_gmt":"2025-07-09T23:59:10","guid":{"rendered":"https:\/\/prensapresidencialvenezuela.gob.ve\/?p=21439"},"modified":"2025-07-09T20:01:06","modified_gmt":"2025-07-10T00:01:06","slug":"activado-plan-de-salud-preventivo-para-el-bienestar-integral-de-venezuela","status":"publish","type":"post","link":"https:\/\/prensapresidencialvenezuela.gob.ve\/index.php\/2025\/07\/09\/activado-plan-de-salud-preventivo-para-el-bienestar-integral-de-venezuela\/","title":{"rendered":"Activado Plan de Salud Preventiva para el bienestar integral de Venezuela"},"content":{"rendered":"\n<p><strong>Higuerote, estado Miranda.<\/strong> \u2013 El presidente de la Rep\u00fablica Bolivariana de Venezuela, Nicol\u00e1s Maduro Moros, anunci\u00f3 este mi\u00e9rcoles la implementaci\u00f3n de un Plan de Salud Preventiva dirigido a promover el bienestar f\u00edsico y mental de la poblaci\u00f3n. La informaci\u00f3n fue compartida durante la reinauguraci\u00f3n del Hospital Universitario General de Higuerote, en el estado Miranda.\u00a0<\/p>\n\n\n\n<h2 class=\"wp-block-heading alignwide\">El Mandatario enfatiz\u00f3 que la iniciativa incluir\u00e1 estrategias para fomentar la salud mental, con especial atenci\u00f3n en la reducci\u00f3n del uso excesivo de dispositivos digitales.<\/h2>\n\n\n\n<blockquote class=\"wp-block-quote is-layout-flow wp-block-quote-is-layout-flow\">\n<p>\u00abMenos pantallas, m\u00e1s familia; menos pantallas, m\u00e1s amistades; menos pantallas, m\u00e1s conversaciones humanas. Promovamos m\u00e1s humanidad, m\u00e1s compartir, m\u00e1s lectura y m\u00e1s amor\u00bb, expres\u00f3.&nbsp;<\/p>\n<\/blockquote>\n\n\n\n<p>Asimismo, el presidente Maduro destac\u00f3 la importancia de la medicina preventiva e inst\u00f3 a la poblaci\u00f3n a adoptar h\u00e1bitos saludables.<\/p>\n\n\n\n<blockquote class=\"wp-block-quote is-layout-flow wp-block-quote-is-layout-flow\">\n<p>\u00abDebemos aprender a cuidarnos: mejorar nuestra alimentaci\u00f3n, rescatar la medicina natural y tradicional, mantener una rutina de ejercicios y fortalecer nuestros c\u00edrculos sociales\u00bb, se\u00f1al\u00f3.&nbsp;<\/p>\n<\/blockquote>\n\n\n\n<p>Como parte de los objetivos del plan, el jefe de Estado hizo un llamado a priorizar la salud integral para prevenir enfermedades, entre las cuales mencion\u00f3 patolog\u00edas renales y otros padecimientos asociados al estilo de vida.&nbsp;<\/p>\n\n\n\n<p>Con esta medida, el Gobierno Nacional reafirma su compromiso con el bienestar de la poblaci\u00f3n venezolana, impulsando pol\u00edticas p\u00fablicas que favorezcan una vida m\u00e1s saludable y equilibrada.&nbsp;<\/p>\n\n\n\n<p><strong>Prensa Presidencial\/ Luis Tavera<\/strong><\/p>\n","protected":false},"excerpt":{"rendered":"<p>Higuerote, estado Miranda. \u2013 El presidente de la Rep\u00fablica Bolivariana de Venezuela, Nicol\u00e1s Maduro Moros, anunci\u00f3 este mi\u00e9rcoles la implementaci\u00f3n de un Plan de Salud Preventiva dirigido a promover el bienestar f\u00edsico y mental de la poblaci\u00f3n. La informaci\u00f3n fue compartida durante la reinauguraci\u00f3n del Hospital Universitario General de Higuerote, en el estado Miranda.\u00a0 El [&hellip;]<\/p>\n","protected":false},"author":1,"featured_media":21440,"comment_status":"open","ping_status":"open","sticky":false,"template":"","format":"standard","meta":{"footnotes":""},"categories":[18,7],"tags":[],"class_list":["post-21439","post","type-post","status-publish","format-standard","has-post-thumbnail","hentry","category-noticias-principales","category-notas-de-prensa"],"_links":{"self":[{"href":"https:\/\/prensapresidencialvenezuela.gob.ve\/index.php\/wp-json\/wp\/v2\/posts\/21439","targetHints":{"allow":["GET"]}}],"collection":[{"href":"https:\/\/prensapresidencialvenezuela.gob.ve\/index.php\/wp-json\/wp\/v2\/posts"}],"about":[{"href":"https:\/\/prensapresidencialvenezuela.gob.ve\/index.php\/wp-json\/wp\/v2\/types\/post"}],"author":[{"embeddable":true,"href":"https:\/\/prensapresidencialvenezuela.gob.ve\/index.php\/wp-json\/wp\/v2\/users\/1"}],"replies":[{"embeddable":true,"href":"https:\/\/prensapresidencialvenezuela.gob.ve\/index.php\/wp-json\/wp\/v2\/comments?post=21439"}],"version-history":[{"count":2,"href":"https:\/\/prensapresidencialvenezuela.gob.ve\/index.php\/wp-json\/wp\/v2\/posts\/21439\/revisions"}],"predecessor-version":[{"id":21442,"href":"https:\/\/prensapresidencialvenezuela.gob.ve\/index.php\/wp-json\/wp\/v2\/posts\/21439\/revisions\/21442"}],"wp:featuredmedia":[{"embeddable":true,"href":"https:\/\/prensapresidencialvenezuela.gob.ve\/index.php\/wp-json\/wp\/v2\/media\/21440"}],"wp:attachment":[{"href":"https:\/\/prensapresidencialvenezuela.gob.ve\/index.php\/wp-json\/wp\/v2\/media?parent=21439"}],"wp:term":[{"taxonomy":"category","embeddable":true,"href":"https:\/\/prensapresidencialvenezuela.gob.ve\/index.php\/wp-json\/wp\/v2\/categories?post=21439"},{"taxonomy":"post_tag","embeddable":true,"href":"https:\/\/prensapresidencialvenezuela.gob.ve\/index.php\/wp-json\/wp\/v2\/tags?post=21439"}],"curies":[{"name":"wp","href":"https:\/\/api.w.org\/{rel}","templated":true}]}}