{"id":21443,"date":"2025-07-09T20:08:30","date_gmt":"2025-07-10T00:08:30","guid":{"rendered":"https:\/\/prensapresidencialvenezuela.gob.ve\/?p=21443"},"modified":"2025-07-09T20:08:31","modified_gmt":"2025-07-10T00:08:31","slug":"primera-dama-cilia-flores-resalta-el-fortalecimiento-del-sistema-publico-de-salud","status":"publish","type":"post","link":"https:\/\/prensapresidencialvenezuela.gob.ve\/index.php\/2025\/07\/09\/primera-dama-cilia-flores-resalta-el-fortalecimiento-del-sistema-publico-de-salud\/","title":{"rendered":"Primera Dama Cilia Flores resalta el fortalecimiento del Sistema P\u00fablico de Salud\u00a0"},"content":{"rendered":"\n<p><strong>Higuerote, estado Miranda. \u2013<\/strong> En el marco del fortalecimiento del Sistema P\u00fablico Nacional de Salud, el Gobierno de Venezuela reinaugur\u00f3 este mi\u00e9rcoles el Hospital Universitario de Higuerote, un centro m\u00e9dico renovado que garantizar\u00e1 atenci\u00f3n integral y gratuita a las comunidades del estado Miranda.&nbsp;<\/p>\n\n\n\n<p>Durante el acto de reapertura, la Primera Dama de la Rep\u00fablica, Cilia Flores de Maduro, resalt\u00f3 la modernizaci\u00f3n tecnol\u00f3gica del centro hospitalario, equipado con dispositivos de \u00faltima generaci\u00f3n en sus distintas \u00e1reas.<\/p>\n\n\n\n<blockquote class=\"wp-block-quote is-layout-flow wp-block-quote-is-layout-flow\">\n<p>\u00abEste hospital cuenta con personal altamente capacitado y hermosas instalaciones. El trabajo de recuperaci\u00f3n ha sido excelente, y ahora est\u00e1 listo para ofrecer servicios de calidad a nuestro pueblo\u00bb, afirm\u00f3.&nbsp;<\/p>\n<\/blockquote>\n\n\n\n<blockquote class=\"wp-block-quote is-layout-flow wp-block-quote-is-layout-flow\">\n<p>Asimismo, Flores destac\u00f3: \u00abTodos los servicios que presta est\u00e1n dotados con tecnolog\u00eda de punta, lo que se traduce en salud y vida para la poblaci\u00f3n. Este hospital qued\u00f3 verdaderamente impecable\u00bb.&nbsp;<\/p>\n<\/blockquote>\n\n\n\n<p><strong>Capacidad operativa y especialidades<\/strong><\/p>\n\n\n\n<h2 class=\"wp-block-heading\">El Hospital Universitario de Higuerote, antes conocido como Hospital General de Higuerote, cuenta con 165 trabajadores distribuidos en \u00e1reas clave como:&nbsp;<\/h2>\n\n\n\n<figure class=\"wp-block-gallery has-nested-images columns-default is-cropped wp-block-gallery-1 is-layout-flex wp-block-gallery-is-layout-flex\">\n<figure class=\"wp-block-image size-large\"><img fetchpriority=\"high\" decoding=\"async\" width=\"1024\" height=\"847\" data-id=\"21449\" src=\"https:\/\/prensapresidencialvenezuela.gob.ve\/wp-content\/uploads\/2025\/07\/12_1Q4A7524_P_ZC-1024x847.jpg\" alt=\"\" class=\"wp-image-21449\" srcset=\"https:\/\/prensapresidencialvenezuela.gob.ve\/wp-content\/uploads\/2025\/07\/12_1Q4A7524_P_ZC-1024x847.jpg 1024w, https:\/\/prensapresidencialvenezuela.gob.ve\/wp-content\/uploads\/2025\/07\/12_1Q4A7524_P_ZC-300x248.jpg 300w, https:\/\/prensapresidencialvenezuela.gob.ve\/wp-content\/uploads\/2025\/07\/12_1Q4A7524_P_ZC-768x635.jpg 768w, https:\/\/prensapresidencialvenezuela.gob.ve\/wp-content\/uploads\/2025\/07\/12_1Q4A7524_P_ZC-1536x1270.jpg 1536w, https:\/\/prensapresidencialvenezuela.gob.ve\/wp-content\/uploads\/2025\/07\/12_1Q4A7524_P_ZC-2048x1694.jpg 2048w\" sizes=\"(max-width: 1024px) 100vw, 1024px\" \/><\/figure>\n\n\n\n<figure class=\"wp-block-image size-large\"><img decoding=\"async\" width=\"1024\" height=\"729\" data-id=\"21448\" src=\"https:\/\/prensapresidencialvenezuela.gob.ve\/wp-content\/uploads\/2025\/07\/13EG__5236_P-1-1024x729.jpg\" alt=\"\" class=\"wp-image-21448\" srcset=\"https:\/\/prensapresidencialvenezuela.gob.ve\/wp-content\/uploads\/2025\/07\/13EG__5236_P-1-1024x729.jpg 1024w, https:\/\/prensapresidencialvenezuela.gob.ve\/wp-content\/uploads\/2025\/07\/13EG__5236_P-1-300x214.jpg 300w, https:\/\/prensapresidencialvenezuela.gob.ve\/wp-content\/uploads\/2025\/07\/13EG__5236_P-1-768x547.jpg 768w, https:\/\/prensapresidencialvenezuela.gob.ve\/wp-content\/uploads\/2025\/07\/13EG__5236_P-1-1536x1094.jpg 1536w, https:\/\/prensapresidencialvenezuela.gob.ve\/wp-content\/uploads\/2025\/07\/13EG__5236_P-1-2048x1459.jpg 2048w\" sizes=\"(max-width: 1024px) 100vw, 1024px\" \/><\/figure>\n<\/figure>\n\n\n\n<p>&#8211; Medicina general&nbsp;<\/p>\n\n\n\n<p>&#8211; Cirug\u00eda&nbsp;<\/p>\n\n\n\n<p>&#8211; Ginecolog\u00eda y obstetricia&nbsp;<\/p>\n\n\n\n<p>&#8211; Anestesiolog\u00eda&nbsp;<\/p>\n\n\n\n<p>&#8211; Traumatolog\u00eda&nbsp;<\/p>\n\n\n\n<p>&#8211; Medicina interna&nbsp;<\/p>\n\n\n\n<p>&#8211; Cuidados intensivos&nbsp;<\/p>\n\n\n\n<p>&#8211; Radiolog\u00eda&nbsp;<\/p>\n\n\n\n<p>&#8211; Pediatr\u00eda&nbsp;<\/p>\n\n\n\n<p>&#8211; Neurocirug\u00eda&nbsp;<\/p>\n\n\n\n<p>&#8211; Enfermer\u00eda especializada&nbsp;<\/p>\n\n\n\n<p><strong>Trabajo conjunto con el Poder Popular&nbsp;<\/strong><\/p>\n\n\n\n<figure class=\"wp-block-gallery has-nested-images columns-default is-cropped wp-block-gallery-2 is-layout-flex wp-block-gallery-is-layout-flex\">\n<figure class=\"wp-block-image size-large\"><img decoding=\"async\" width=\"1024\" height=\"719\" data-id=\"21450\" src=\"https:\/\/prensapresidencialvenezuela.gob.ve\/wp-content\/uploads\/2025\/07\/04EG__5172_P-1024x719.jpg\" alt=\"\" class=\"wp-image-21450\" srcset=\"https:\/\/prensapresidencialvenezuela.gob.ve\/wp-content\/uploads\/2025\/07\/04EG__5172_P-1024x719.jpg 1024w, https:\/\/prensapresidencialvenezuela.gob.ve\/wp-content\/uploads\/2025\/07\/04EG__5172_P-300x211.jpg 300w, https:\/\/prensapresidencialvenezuela.gob.ve\/wp-content\/uploads\/2025\/07\/04EG__5172_P-768x539.jpg 768w, https:\/\/prensapresidencialvenezuela.gob.ve\/wp-content\/uploads\/2025\/07\/04EG__5172_P-1536x1078.jpg 1536w, https:\/\/prensapresidencialvenezuela.gob.ve\/wp-content\/uploads\/2025\/07\/04EG__5172_P-2048x1438.jpg 2048w\" sizes=\"(max-width: 1024px) 100vw, 1024px\" \/><\/figure>\n\n\n\n<figure class=\"wp-block-image size-large\"><img loading=\"lazy\" decoding=\"async\" width=\"1024\" height=\"708\" data-id=\"21451\" src=\"https:\/\/prensapresidencialvenezuela.gob.ve\/wp-content\/uploads\/2025\/07\/25EG__5357_P-1024x708.jpg\" alt=\"\" class=\"wp-image-21451\" srcset=\"https:\/\/prensapresidencialvenezuela.gob.ve\/wp-content\/uploads\/2025\/07\/25EG__5357_P-1024x708.jpg 1024w, https:\/\/prensapresidencialvenezuela.gob.ve\/wp-content\/uploads\/2025\/07\/25EG__5357_P-300x208.jpg 300w, https:\/\/prensapresidencialvenezuela.gob.ve\/wp-content\/uploads\/2025\/07\/25EG__5357_P-768x531.jpg 768w, https:\/\/prensapresidencialvenezuela.gob.ve\/wp-content\/uploads\/2025\/07\/25EG__5357_P-1536x1063.jpg 1536w, https:\/\/prensapresidencialvenezuela.gob.ve\/wp-content\/uploads\/2025\/07\/25EG__5357_P-2048x1417.jpg 2048w\" sizes=\"(max-width: 1024px) 100vw, 1024px\" \/><\/figure>\n<\/figure>\n\n\n\n<h2 class=\"wp-block-heading alignwide\"><strong>La recuperaci\u00f3n del centro de salud se realiz\u00f3 en articulaci\u00f3n con el Poder Popular organizado, logrando su reapertura en tiempo r\u00e9cord y elevando su capacidad operativa. Entre las mejoras ejecutadas destacan:\u00a0<\/strong><\/h2>\n\n\n\n<figure class=\"wp-block-image size-large\"><img loading=\"lazy\" decoding=\"async\" width=\"1024\" height=\"705\" src=\"https:\/\/prensapresidencialvenezuela.gob.ve\/wp-content\/uploads\/2025\/07\/20EG__5312_P-1024x705.jpg\" alt=\"\" class=\"wp-image-21452\" srcset=\"https:\/\/prensapresidencialvenezuela.gob.ve\/wp-content\/uploads\/2025\/07\/20EG__5312_P-1024x705.jpg 1024w, https:\/\/prensapresidencialvenezuela.gob.ve\/wp-content\/uploads\/2025\/07\/20EG__5312_P-300x207.jpg 300w, https:\/\/prensapresidencialvenezuela.gob.ve\/wp-content\/uploads\/2025\/07\/20EG__5312_P-768x529.jpg 768w, https:\/\/prensapresidencialvenezuela.gob.ve\/wp-content\/uploads\/2025\/07\/20EG__5312_P-1536x1058.jpg 1536w, https:\/\/prensapresidencialvenezuela.gob.ve\/wp-content\/uploads\/2025\/07\/20EG__5312_P-2048x1410.jpg 2048w\" sizes=\"(max-width: 1024px) 100vw, 1024px\" \/><\/figure>\n\n\n\n<p>&#8211; Impermeabilizaci\u00f3n general del techado&nbsp;<\/p>\n\n\n\n<p>&#8211; Instalaci\u00f3n de sistemas de climatizaci\u00f3n e iluminaci\u00f3n&nbsp;<\/p>\n\n\n\n<p>&#8211; Rehabilitaci\u00f3n de paredes y techos internos&nbsp;<\/p>\n\n\n\n<p>&#8211; Pintura integral (interna y externa)&nbsp;<\/p>\n\n\n\n<p>&#8211; Dotaci\u00f3n de equipos m\u00e9dicos y mobiliario&nbsp;<\/p>\n\n\n\n<p>&#8211; Remodelaci\u00f3n de sistemas de plomer\u00eda&nbsp;<\/p>\n\n\n\n<p>&#8211; Mejoras en jardiner\u00eda y \u00e1reas verdes&nbsp;<\/p>\n\n\n\n<p>Con esta reinauguraci\u00f3n, el Gobierno Nacional reafirma su compromiso con el derecho a la salud de los venezolanos, garantizando infraestructuras modernas y equipadas para una atenci\u00f3n m\u00e9dica oportuna y de calidad.&nbsp;<\/p>\n\n\n\n<p><strong>Prensa Presidencial\/ Luis Tavera<\/strong><\/p>\n","protected":false},"excerpt":{"rendered":"<p>Higuerote, estado Miranda. \u2013 En el marco del fortalecimiento del Sistema P\u00fablico Nacional de Salud, el Gobierno de Venezuela reinaugur\u00f3 este mi\u00e9rcoles el Hospital Universitario de Higuerote, un centro m\u00e9dico renovado que garantizar\u00e1 atenci\u00f3n integral y gratuita a las comunidades del estado Miranda.&nbsp; Durante el acto de reapertura, la Primera Dama de la Rep\u00fablica, Cilia [&hellip;]<\/p>\n","protected":false},"author":1,"featured_media":21446,"comment_status":"open","ping_status":"open","sticky":false,"template":"","format":"standard","meta":{"footnotes":""},"categories":[18,7],"tags":[],"class_list":["post-21443","post","type-post","status-publish","format-standard","has-post-thumbnail","hentry","category-noticias-principales","category-notas-de-prensa"],"_links":{"self":[{"href":"https:\/\/prensapresidencialvenezuela.gob.ve\/index.php\/wp-json\/wp\/v2\/posts\/21443","targetHints":{"allow":["GET"]}}],"collection":[{"href":"https:\/\/prensapresidencialvenezuela.gob.ve\/index.php\/wp-json\/wp\/v2\/posts"}],"about":[{"href":"https:\/\/prensapresidencialvenezuela.gob.ve\/index.php\/wp-json\/wp\/v2\/types\/post"}],"author":[{"embeddable":true,"href":"https:\/\/prensapresidencialvenezuela.gob.ve\/index.php\/wp-json\/wp\/v2\/users\/1"}],"replies":[{"embeddable":true,"href":"https:\/\/prensapresidencialvenezuela.gob.ve\/index.php\/wp-json\/wp\/v2\/comments?post=21443"}],"version-history":[{"count":2,"href":"https:\/\/prensapresidencialvenezuela.gob.ve\/index.php\/wp-json\/wp\/v2\/posts\/21443\/revisions"}],"predecessor-version":[{"id":21453,"href":"https:\/\/prensapresidencialvenezuela.gob.ve\/index.php\/wp-json\/wp\/v2\/posts\/21443\/revisions\/21453"}],"wp:featuredmedia":[{"embeddable":true,"href":"https:\/\/prensapresidencialvenezuela.gob.ve\/index.php\/wp-json\/wp\/v2\/media\/21446"}],"wp:attachment":[{"href":"https:\/\/prensapresidencialvenezuela.gob.ve\/index.php\/wp-json\/wp\/v2\/media?parent=21443"}],"wp:term":[{"taxonomy":"category","embeddable":true,"href":"https:\/\/prensapresidencialvenezuela.gob.ve\/index.php\/wp-json\/wp\/v2\/categories?post=21443"},{"taxonomy":"post_tag","embeddable":true,"href":"https:\/\/prensapresidencialvenezuela.gob.ve\/index.php\/wp-json\/wp\/v2\/tags?post=21443"}],"curies":[{"name":"wp","href":"https:\/\/api.w.org\/{rel}","templated":true}]}}