{"id":21455,"date":"2025-07-09T20:31:03","date_gmt":"2025-07-10T00:31:03","guid":{"rendered":"https:\/\/prensapresidencialvenezuela.gob.ve\/?p=21455"},"modified":"2025-07-09T20:50:52","modified_gmt":"2025-07-10T00:50:52","slug":"falcon-reinauguran-cdi-dr-jose-ramon-jatem-en-paraguana-para-beneficiar-a-mas-de-100-mil","status":"publish","type":"post","link":"https:\/\/prensapresidencialvenezuela.gob.ve\/index.php\/2025\/07\/09\/falcon-reinauguran-cdi-dr-jose-ramon-jatem-en-paraguana-para-beneficiar-a-mas-de-100-mil\/","title":{"rendered":"Falc\u00f3n: Reinauguran CDI \u00abDr. Jos\u00e9 Ram\u00f3n Jatem\u00bb en Paraguan\u00e1 para beneficiar a m\u00e1s de 100 mil habitantes"},"content":{"rendered":"\n<p><strong>Municipio Carirubana, estado Falc\u00f3n. \u2013 <\/strong>En el marco del fortalecimiento del sistema p\u00fablico de salud, el Gobierno Bolivariano reinaugur\u00f3 este jueves el Centro de Diagn\u00f3stico Integral (CDI) \u00abDr. Jos\u00e9 Ram\u00f3n Jatem\u00bb, ubicado en el municipio Carirubana de la Pen\u00ednsula de Paraguan\u00e1, obra que garantizar\u00e1 atenci\u00f3n m\u00e9dica gratuita y de calidad a m\u00e1s de 100 mil habitantes de la regi\u00f3n.&nbsp;<\/p>\n\n\n\n<p>El acto protocolar cont\u00f3 con la presencia del gobernador del estado Falc\u00f3n, V\u00edctor Clark, quien destac\u00f3 la importancia de esta rehabilitaci\u00f3n para el bienestar de la poblaci\u00f3n.<\/p>\n\n\n\n<blockquote class=\"wp-block-quote is-layout-flow wp-block-quote-is-layout-flow\">\n<p>\u00abHoy celebramos con alegr\u00eda la reapertura de este centro de salud, que representa un logro m\u00e1s de la Revoluci\u00f3n en materia de salud p\u00fablica. Nuestro pueblo ahora cuenta con atenci\u00f3n m\u00e9dica directa, gratuita y de calidad las 24 horas del d\u00eda\u00bb, afirm\u00f3 la autoridad regional.&nbsp;<\/p>\n<\/blockquote>\n\n\n\n<figure class=\"wp-block-image size-large\"><img fetchpriority=\"high\" decoding=\"async\" width=\"1024\" height=\"684\" src=\"https:\/\/prensapresidencialvenezuela.gob.ve\/wp-content\/uploads\/2025\/07\/WhatsApp-Image-2025-07-09-at-8.40.46-PM-1024x684.jpeg\" alt=\"\" class=\"wp-image-21465\" srcset=\"https:\/\/prensapresidencialvenezuela.gob.ve\/wp-content\/uploads\/2025\/07\/WhatsApp-Image-2025-07-09-at-8.40.46-PM-1024x684.jpeg 1024w, https:\/\/prensapresidencialvenezuela.gob.ve\/wp-content\/uploads\/2025\/07\/WhatsApp-Image-2025-07-09-at-8.40.46-PM-300x200.jpeg 300w, https:\/\/prensapresidencialvenezuela.gob.ve\/wp-content\/uploads\/2025\/07\/WhatsApp-Image-2025-07-09-at-8.40.46-PM-768x513.jpeg 768w, https:\/\/prensapresidencialvenezuela.gob.ve\/wp-content\/uploads\/2025\/07\/WhatsApp-Image-2025-07-09-at-8.40.46-PM-1536x1027.jpeg 1536w, https:\/\/prensapresidencialvenezuela.gob.ve\/wp-content\/uploads\/2025\/07\/WhatsApp-Image-2025-07-09-at-8.40.46-PM.jpeg 1616w\" sizes=\"(max-width: 1024px) 100vw, 1024px\" \/><\/figure>\n\n\n\n<p><strong>Infraestructura y servicios de vanguardia<\/strong><\/p>\n\n\n\n<p>El renovado CDI, que rinde homenaje al legado del Comandante Hugo Ch\u00e1vez como precursor de la Misi\u00f3n Barrio Adentro, cuenta con:&nbsp;<\/p>\n\n\n\n<p><strong>&#8211; 22 servicios especializados&nbsp;<\/strong><\/p>\n\n\n\n<p><strong>&#8211; Equipos de alta tecnolog\u00eda para diagn\u00f3stico y tratamiento&nbsp;<\/strong><\/p>\n\n\n\n<p><strong>&#8211; Personal m\u00e9dico altamente calificado&nbsp;<\/strong><\/p>\n\n\n\n<p><strong>&#8211; Capacidad para atenci\u00f3n cl\u00ednica, hospitalaria y de urgencias las 24 horas&nbsp;<\/strong><\/p>\n\n\n\n<p><strong>&#8211; \u00c1reas para cuidados especializados&nbsp;<\/strong><\/p>\n\n\n\n<p>El Dr. Mart\u00edn Hern\u00e1ndez, representante del centro, enfatiz\u00f3: \u00abContamos con una infraestructura completamente renovada que responde con eficiencia y compromiso a las necesidades de salud de nuestra gente. Esto es Barrio Adentro en acci\u00f3n\u00bb.&nbsp;<\/p>\n\n\n\n<figure class=\"wp-block-image size-large\"><img decoding=\"async\" width=\"1024\" height=\"768\" src=\"https:\/\/prensapresidencialvenezuela.gob.ve\/wp-content\/uploads\/2025\/07\/WhatsApp-Image-2025-07-09-at-8.40.49-PM-1024x768.jpeg\" alt=\"\" class=\"wp-image-21466\" srcset=\"https:\/\/prensapresidencialvenezuela.gob.ve\/wp-content\/uploads\/2025\/07\/WhatsApp-Image-2025-07-09-at-8.40.49-PM-1024x768.jpeg 1024w, https:\/\/prensapresidencialvenezuela.gob.ve\/wp-content\/uploads\/2025\/07\/WhatsApp-Image-2025-07-09-at-8.40.49-PM-300x225.jpeg 300w, https:\/\/prensapresidencialvenezuela.gob.ve\/wp-content\/uploads\/2025\/07\/WhatsApp-Image-2025-07-09-at-8.40.49-PM-768x576.jpeg 768w, https:\/\/prensapresidencialvenezuela.gob.ve\/wp-content\/uploads\/2025\/07\/WhatsApp-Image-2025-07-09-at-8.40.49-PM-1536x1152.jpeg 1536w, https:\/\/prensapresidencialvenezuela.gob.ve\/wp-content\/uploads\/2025\/07\/WhatsApp-Image-2025-07-09-at-8.40.49-PM-2048x1536.jpeg 2048w\" sizes=\"(max-width: 1024px) 100vw, 1024px\" \/><\/figure>\n\n\n\n<p><strong>Compromiso social y agradecimiento comunitario<\/strong><\/p>\n\n\n\n<p>Durante el emotivo acto, \u00c1ngel, l\u00edder comunitario de la zona, expres\u00f3: \u00abEn nombre de toda Paraguan\u00e1, agradecemos al presidente Nicol\u00e1s Maduro y al Gobierno Bolivariano por esta obra. Falc\u00f3n sigue firme en la Revoluci\u00f3n\u00bb.&nbsp;<\/p>\n\n\n\n<p>Asimismo, un representante de la Misi\u00f3n M\u00e9dica Cubana ratific\u00f3 el compromiso solidario: \u00abSeguiremos brindando amor y salud al pueblo venezolano. Estamos listos para contribuir a saldar la deuda quir\u00fargica en el estado Falc\u00f3n\u00bb.&nbsp;<\/p>\n\n\n\n<h2 class=\"wp-block-heading\">Impacto regional<\/h2>\n\n\n\n<p>Con esta reinauguraci\u00f3n, el CDI \u00abDr. Jos\u00e9 Ram\u00f3n Jatem\u00bb se consolida como:&nbsp;<\/p>\n\n\n\n<ul class=\"wp-block-list\">\n<li>Pilar fundamental del sistema sanitario en Paraguan\u00e1&nbsp;<\/li>\n<\/ul>\n\n\n\n<ul class=\"wp-block-list\">\n<li>Ejemplo concreto de la recuperaci\u00f3n de la red hospitalaria p\u00fablica&nbsp;<\/li>\n<\/ul>\n\n\n\n<ul class=\"wp-block-list\">\n<li>Garant\u00eda del derecho a la salud para las comunidades&nbsp;<\/li>\n<\/ul>\n\n\n\n<p>El Gobierno Nacional reafirma as\u00ed su compromiso con el mejoramiento continuo de la salud p\u00fablica, cumpliendo con el legado del Comandante Ch\u00e1vez de llevar medicina digna a todos los venezolanos.&nbsp;<\/p>\n\n\n\n<p><strong>Prensa Presidencial\/ Luis Tavera<\/strong><\/p>\n","protected":false},"excerpt":{"rendered":"<p>Municipio Carirubana, estado Falc\u00f3n. \u2013 En el marco del fortalecimiento del sistema p\u00fablico de salud, el Gobierno Bolivariano reinaugur\u00f3 este jueves el Centro de Diagn\u00f3stico Integral (CDI) \u00abDr. Jos\u00e9 Ram\u00f3n Jatem\u00bb, ubicado en el municipio Carirubana de la Pen\u00ednsula de Paraguan\u00e1, obra que garantizar\u00e1 atenci\u00f3n m\u00e9dica gratuita y de calidad a m\u00e1s de 100 mil [&hellip;]<\/p>\n","protected":false},"author":1,"featured_media":21464,"comment_status":"open","ping_status":"open","sticky":false,"template":"","format":"standard","meta":{"footnotes":""},"categories":[18,7],"tags":[],"class_list":["post-21455","post","type-post","status-publish","format-standard","has-post-thumbnail","hentry","category-noticias-principales","category-notas-de-prensa"],"_links":{"self":[{"href":"https:\/\/prensapresidencialvenezuela.gob.ve\/index.php\/wp-json\/wp\/v2\/posts\/21455","targetHints":{"allow":["GET"]}}],"collection":[{"href":"https:\/\/prensapresidencialvenezuela.gob.ve\/index.php\/wp-json\/wp\/v2\/posts"}],"about":[{"href":"https:\/\/prensapresidencialvenezuela.gob.ve\/index.php\/wp-json\/wp\/v2\/types\/post"}],"author":[{"embeddable":true,"href":"https:\/\/prensapresidencialvenezuela.gob.ve\/index.php\/wp-json\/wp\/v2\/users\/1"}],"replies":[{"embeddable":true,"href":"https:\/\/prensapresidencialvenezuela.gob.ve\/index.php\/wp-json\/wp\/v2\/comments?post=21455"}],"version-history":[{"count":3,"href":"https:\/\/prensapresidencialvenezuela.gob.ve\/index.php\/wp-json\/wp\/v2\/posts\/21455\/revisions"}],"predecessor-version":[{"id":21467,"href":"https:\/\/prensapresidencialvenezuela.gob.ve\/index.php\/wp-json\/wp\/v2\/posts\/21455\/revisions\/21467"}],"wp:featuredmedia":[{"embeddable":true,"href":"https:\/\/prensapresidencialvenezuela.gob.ve\/index.php\/wp-json\/wp\/v2\/media\/21464"}],"wp:attachment":[{"href":"https:\/\/prensapresidencialvenezuela.gob.ve\/index.php\/wp-json\/wp\/v2\/media?parent=21455"}],"wp:term":[{"taxonomy":"category","embeddable":true,"href":"https:\/\/prensapresidencialvenezuela.gob.ve\/index.php\/wp-json\/wp\/v2\/categories?post=21455"},{"taxonomy":"post_tag","embeddable":true,"href":"https:\/\/prensapresidencialvenezuela.gob.ve\/index.php\/wp-json\/wp\/v2\/tags?post=21455"}],"curies":[{"name":"wp","href":"https:\/\/api.w.org\/{rel}","templated":true}]}}