{"id":21459,"date":"2025-07-09T20:46:31","date_gmt":"2025-07-10T00:46:31","guid":{"rendered":"https:\/\/prensapresidencialvenezuela.gob.ve\/?p=21459"},"modified":"2025-07-09T20:46:47","modified_gmt":"2025-07-10T00:46:47","slug":"yaracuy-cdi-dilia-rojas-beneficiara-a-mas-de-21-mil-habitantes","status":"publish","type":"post","link":"https:\/\/prensapresidencialvenezuela.gob.ve\/index.php\/2025\/07\/09\/yaracuy-cdi-dilia-rojas-beneficiara-a-mas-de-21-mil-habitantes\/","title":{"rendered":"Yaracuy: CDI \u00abDilia Rojas\u00bb beneficiar\u00e1 a m\u00e1s de 21 mil habitantes"},"content":{"rendered":"\n<p><strong>La Trinidad, estado Yaracuy. \u2013<\/strong> En el marco de la Cuarta Transformaci\u00f3n del Sistema de Salud P\u00fablica, el Gobierno Nacional reinaugur\u00f3 este viernes el Centro de Diagn\u00f3stico Integral (CDI) \u00abDilia Rojas\u00bb, ubicado en el municipio La Trinidad del estado Yaracuy, infraestructura que garantizar\u00e1 atenci\u00f3n m\u00e9dica integral a m\u00e1s de 21 mil yaracuyanos.&nbsp;<\/p>\n\n\n\n<p>El acto protocolar cont\u00f3 con la participaci\u00f3n del gobernador del estado Yaracuy, Julio Le\u00f3n Heredia, quien destac\u00f3 durante un contacto televisivo con el presidente de la Rep\u00fablica, Nicol\u00e1s Maduro Moros, las capacidades del renovado centro asistencial: \u00abEste CDI cuenta con todos los servicios necesarios para brindar atenci\u00f3n m\u00e9dica las 24 horas y alberga una Sala de Rehabilitaci\u00f3n Integral (SRI), demostrando una vez m\u00e1s el compromiso de la Revoluci\u00f3n Bolivariana con la salud de nuestro pueblo\u00bb.&nbsp;<\/p>\n\n\n\n<p><strong>Infraestructura y servicios<\/strong><\/p>\n\n\n\n<ul class=\"wp-block-list\">\n<li>El CDI \u00abDilia Rojas\u00bb ofrece:\u00a0<\/li>\n\n\n\n<li>Atenci\u00f3n m\u00e9dica integral las 24 horas\u00a0<\/li>\n\n\n\n<li>Salas de Rehabilitaci\u00f3n Integral (SRI)\u00a0<\/li>\n\n\n\n<li>Consultorios para medicina general y especializada\u00a0<\/li>\n\n\n\n<li>\u00c1reas de diagn\u00f3stico equipadas con tecnolog\u00eda de punta\u00a0<\/li>\n\n\n\n<li>Personal m\u00e9dico altamente capacitado\u00a0<\/li>\n<\/ul>\n\n\n\n<p><strong>Formaci\u00f3n de nuevos profesionales&nbsp;<\/strong><\/p>\n\n\n\n<p>El presidente Nicol\u00e1s Maduro destac\u00f3 que estos centros de salud tambi\u00e9n funcionan como espacios de formaci\u00f3n para las nuevas generaciones de m\u00e9dicos: \u00abHoy, Medicina Integral Comunitaria se ha convertido en la carrera m\u00e1s solicitada, junto con Enfermer\u00eda. Esto demuestra que nuestra juventud est\u00e1 comprometida con servir al pueblo a trav\u00e9s de la salud\u00bb.&nbsp;<\/p>\n\n\n\n<p><strong>Reconocimiento a la lucha social&nbsp;<\/strong><\/p>\n\n\n\n<p>Durante el acto, el primer mandatario rindi\u00f3 homenaje a la luchadora social Dilcia Petit, recientemente fallecida, quien dedic\u00f3 su vida a la defensa de los derechos humanos y fue pionera en la construcci\u00f3n del proyecto revolucionario: \u00abPetit nos ense\u00f1\u00f3 a ser mejores, a trabajar con y para el pueblo. Hoy tenemos una sociedad m\u00e1s consciente, organizada y capaz, gracias a ese legado\u00bb, afirm\u00f3.&nbsp;<\/p>\n\n\n\n<p>Compromiso con el poder popular&nbsp;<\/p>\n\n\n\n<p>La rehabilitaci\u00f3n del CDI \u00abDilia Rojas\u00bb fue posible gracias al trabajo conjunto entre el Gobierno Nacional y el poder popular organizado. Representantes de la comunidad expresaron su gratitud: \u00abNuestro pueblo est\u00e1 agradecido por estos beneficios que mejoran nuestra calidad de vida\u00bb.&nbsp;<\/p>\n\n\n\n<p>Con esta reinauguraci\u00f3n, el Gobierno Bolivariano reafirma su compromiso con:&nbsp;<\/p>\n\n\n\n<ul class=\"wp-block-list\">\n<li>El fortalecimiento de la red p\u00fablica de salud\u00a0<\/li>\n\n\n\n<li>La formaci\u00f3n de profesionales m\u00e9dicos comprometidos\u00a0<\/li>\n\n\n\n<li>La articulaci\u00f3n permanente con las comunidades\u00a0<\/li>\n<\/ul>\n\n\n\n<p><strong>Prensa Presidencial\/ Luis Tavera<\/strong><\/p>\n","protected":false},"excerpt":{"rendered":"<p>La Trinidad, estado Yaracuy. \u2013 En el marco de la Cuarta Transformaci\u00f3n del Sistema de Salud P\u00fablica, el Gobierno Nacional reinaugur\u00f3 este viernes el Centro de Diagn\u00f3stico Integral (CDI) \u00abDilia Rojas\u00bb, ubicado en el municipio La Trinidad del estado Yaracuy, infraestructura que garantizar\u00e1 atenci\u00f3n m\u00e9dica integral a m\u00e1s de 21 mil yaracuyanos.&nbsp; El acto protocolar [&hellip;]<\/p>\n","protected":false},"author":1,"featured_media":21460,"comment_status":"open","ping_status":"open","sticky":false,"template":"","format":"standard","meta":{"footnotes":""},"categories":[18,7,1],"tags":[],"class_list":["post-21459","post","type-post","status-publish","format-standard","has-post-thumbnail","hentry","category-noticias-principales","category-notas-de-prensa","category-sin-categoria"],"_links":{"self":[{"href":"https:\/\/prensapresidencialvenezuela.gob.ve\/index.php\/wp-json\/wp\/v2\/posts\/21459","targetHints":{"allow":["GET"]}}],"collection":[{"href":"https:\/\/prensapresidencialvenezuela.gob.ve\/index.php\/wp-json\/wp\/v2\/posts"}],"about":[{"href":"https:\/\/prensapresidencialvenezuela.gob.ve\/index.php\/wp-json\/wp\/v2\/types\/post"}],"author":[{"embeddable":true,"href":"https:\/\/prensapresidencialvenezuela.gob.ve\/index.php\/wp-json\/wp\/v2\/users\/1"}],"replies":[{"embeddable":true,"href":"https:\/\/prensapresidencialvenezuela.gob.ve\/index.php\/wp-json\/wp\/v2\/comments?post=21459"}],"version-history":[{"count":1,"href":"https:\/\/prensapresidencialvenezuela.gob.ve\/index.php\/wp-json\/wp\/v2\/posts\/21459\/revisions"}],"predecessor-version":[{"id":21462,"href":"https:\/\/prensapresidencialvenezuela.gob.ve\/index.php\/wp-json\/wp\/v2\/posts\/21459\/revisions\/21462"}],"wp:featuredmedia":[{"embeddable":true,"href":"https:\/\/prensapresidencialvenezuela.gob.ve\/index.php\/wp-json\/wp\/v2\/media\/21460"}],"wp:attachment":[{"href":"https:\/\/prensapresidencialvenezuela.gob.ve\/index.php\/wp-json\/wp\/v2\/media?parent=21459"}],"wp:term":[{"taxonomy":"category","embeddable":true,"href":"https:\/\/prensapresidencialvenezuela.gob.ve\/index.php\/wp-json\/wp\/v2\/categories?post=21459"},{"taxonomy":"post_tag","embeddable":true,"href":"https:\/\/prensapresidencialvenezuela.gob.ve\/index.php\/wp-json\/wp\/v2\/tags?post=21459"}],"curies":[{"name":"wp","href":"https:\/\/api.w.org\/{rel}","templated":true}]}}