{"id":21469,"date":"2025-07-10T18:56:10","date_gmt":"2025-07-10T22:56:10","guid":{"rendered":"https:\/\/prensapresidencialvenezuela.gob.ve\/?p=21469"},"modified":"2025-07-10T19:44:03","modified_gmt":"2025-07-10T23:44:03","slug":"jefe-de-estado-presenta-la-gran-mision-madre-tierra-venezuela","status":"publish","type":"post","link":"https:\/\/prensapresidencialvenezuela.gob.ve\/index.php\/2025\/07\/10\/jefe-de-estado-presenta-la-gran-mision-madre-tierra-venezuela\/","title":{"rendered":"Jefe de Estado presenta la Gran Misi\u00f3n Madre Tierra Venezuela"},"content":{"rendered":"\n<p><strong> Este plan es impulsado con el objetivo de impulsar la recuperaci\u00f3n y regeneraci\u00f3n ecol\u00f3gica del pa\u00eds.&nbsp;<\/strong><\/p>\n\n\n\n<p><strong>Telef\u00e9rico Mukumbar\u00ed, estado M\u00e9rida. \u2013 <\/strong>Este jueves, el presidente de la Rep\u00fablica, Nicol\u00e1s Maduro Moros, realiza el lanzamiento oficial de la Gran Misi\u00f3n de Nueva Generaci\u00f3n Madre Tierra Venezuela, con el objetivo de impulsar la recuperaci\u00f3n y regeneraci\u00f3n ecol\u00f3gica del pa\u00eds.&nbsp;<\/p>\n\n\n\n<p>Esta Gran Misi\u00f3n cuenta con 7 v\u00e9rtices o l\u00edneas estrat\u00e9gicas para la transformaci\u00f3n, regeneraci\u00f3n ecol\u00f3gica de Venezuela, as\u00ed como de la mitigaci\u00f3n del cambio clim\u00e1tico, para la construcci\u00f3n de un modelo sustentable que sea ejemplo en el mundo.<\/p>\n\n\n\n<figure class=\"wp-block-image size-large\"><img fetchpriority=\"high\" decoding=\"async\" width=\"1024\" height=\"661\" src=\"https:\/\/prensapresidencialvenezuela.gob.ve\/wp-content\/uploads\/2025\/07\/photo_5154483788183612972_y-1024x661.jpg\" alt=\"\" class=\"wp-image-21475\" srcset=\"https:\/\/prensapresidencialvenezuela.gob.ve\/wp-content\/uploads\/2025\/07\/photo_5154483788183612972_y-1024x661.jpg 1024w, https:\/\/prensapresidencialvenezuela.gob.ve\/wp-content\/uploads\/2025\/07\/photo_5154483788183612972_y-300x194.jpg 300w, https:\/\/prensapresidencialvenezuela.gob.ve\/wp-content\/uploads\/2025\/07\/photo_5154483788183612972_y-768x496.jpg 768w, https:\/\/prensapresidencialvenezuela.gob.ve\/wp-content\/uploads\/2025\/07\/photo_5154483788183612972_y.jpg 1225w\" sizes=\"(max-width: 1024px) 100vw, 1024px\" \/><\/figure>\n\n\n\n<p>A continuaci\u00f3n, los v\u00e9rtices detallados que estar\u00e1n establecidos en esta Gran Misi\u00f3n:<\/p>\n\n\n\n<p><strong>Primer v\u00e9rtice<\/strong>: Organizaci\u00f3n de los Comit\u00e9s de Ecosocialismo en los Circuitos Comunales del pa\u00eds, con el objetivo de articular los diferentes proyectos que est\u00e9n planteados en las comunidades.<\/p>\n\n\n\n<p><strong>Segundo v\u00e9rtice (llamado \u00abSembrar Vida\u00bb):<\/strong>&nbsp;Centrado en la construcci\u00f3n de viveros y la siembra de \u00e1rboles en el pa\u00eds.<\/p>\n\n\n\n<p><strong>Tercer v\u00e9rtice (denominado \u00abTerritorio para la Vida\u00bb):<\/strong>&nbsp;Incluir\u00e1 estudios de cuencas geogr\u00e1ficas, mapas de riegos y la aplicaci\u00f3n de parques nacionales.<\/p>\n\n\n\n<p><strong>Cuarto v\u00e9rtice (nombrado \u00abClima para la Vida\u00bb):<\/strong>&nbsp;Dise\u00f1ar estrategias para controlar los cambios clim\u00e1ticos y la restauraci\u00f3n de bosques venezolanos, a trav\u00e9s de observatorios de ciencias y tecnolog\u00eda.<\/p>\n\n\n\n<p><strong>Quinto v\u00e9rtice<\/strong>: Su enfoque estar\u00e1 centrado en la fauna terrestre y marina, as\u00ed como de la agricultura regenerativa y el control de diversas especies.<\/p>\n\n\n\n<p>En este orden de ideas, el Mandatario venezolano comunic\u00f3 que antes de dirigirse al Telef\u00e9rico Mukumbar\u00ed, estuvo realizando un recorrido junto a las autoridades pertinentes de la entidad, desde El Vig\u00eda hasta la ciudad de M\u00e9rida.<\/p>\n\n\n\n<p>Asimismo, resalt\u00f3 que en esta entidad andina cuentan con 82 frentes de trabajo, que han sido creado para rehabilitaci\u00f3n integral en sectores y comunidades afectadas por las fuertes lluvias.<\/p>\n\n\n\n<p>En esta l\u00ednea, es de inter\u00e9s mencionar que los \u00faltimos dos v\u00e9rtices estar\u00e1n orientados al saneamiento y la producci\u00f3n para la vida, con los cuales se complementa la estructura de la Gran Misi\u00f3n.<\/p>\n\n\n\n<p>En contexto, la Gran Misi\u00f3n Madre Tierra Venezuela<em><strong>,&nbsp;<\/strong><\/em>que se dio a conocer por el jefe de Estado como \u00abla gran misi\u00f3n de la vida\u00bb, cuenta con v\u00e9rtices enfocados en la organizaci\u00f3n de los Comit\u00e9s de Ecosocialismo, en los Circuitos Comunales del pa\u00eds.&nbsp;<\/p>\n\n\n\n<p><strong>Prensa Presidencial\/ Irmary D\u00edaz<\/strong><\/p>\n","protected":false},"excerpt":{"rendered":"<p>Este plan es impulsado con el objetivo de impulsar la recuperaci\u00f3n y regeneraci\u00f3n ecol\u00f3gica del pa\u00eds.&nbsp; Telef\u00e9rico Mukumbar\u00ed, estado M\u00e9rida. \u2013 Este jueves, el presidente de la Rep\u00fablica, Nicol\u00e1s Maduro Moros, realiza el lanzamiento oficial de la Gran Misi\u00f3n de Nueva Generaci\u00f3n Madre Tierra Venezuela, con el objetivo de impulsar la recuperaci\u00f3n y regeneraci\u00f3n ecol\u00f3gica [&hellip;]<\/p>\n","protected":false},"author":1,"featured_media":21470,"comment_status":"open","ping_status":"open","sticky":false,"template":"","format":"standard","meta":{"footnotes":""},"categories":[18,7],"tags":[],"class_list":["post-21469","post","type-post","status-publish","format-standard","has-post-thumbnail","hentry","category-noticias-principales","category-notas-de-prensa"],"_links":{"self":[{"href":"https:\/\/prensapresidencialvenezuela.gob.ve\/index.php\/wp-json\/wp\/v2\/posts\/21469","targetHints":{"allow":["GET"]}}],"collection":[{"href":"https:\/\/prensapresidencialvenezuela.gob.ve\/index.php\/wp-json\/wp\/v2\/posts"}],"about":[{"href":"https:\/\/prensapresidencialvenezuela.gob.ve\/index.php\/wp-json\/wp\/v2\/types\/post"}],"author":[{"embeddable":true,"href":"https:\/\/prensapresidencialvenezuela.gob.ve\/index.php\/wp-json\/wp\/v2\/users\/1"}],"replies":[{"embeddable":true,"href":"https:\/\/prensapresidencialvenezuela.gob.ve\/index.php\/wp-json\/wp\/v2\/comments?post=21469"}],"version-history":[{"count":2,"href":"https:\/\/prensapresidencialvenezuela.gob.ve\/index.php\/wp-json\/wp\/v2\/posts\/21469\/revisions"}],"predecessor-version":[{"id":21476,"href":"https:\/\/prensapresidencialvenezuela.gob.ve\/index.php\/wp-json\/wp\/v2\/posts\/21469\/revisions\/21476"}],"wp:featuredmedia":[{"embeddable":true,"href":"https:\/\/prensapresidencialvenezuela.gob.ve\/index.php\/wp-json\/wp\/v2\/media\/21470"}],"wp:attachment":[{"href":"https:\/\/prensapresidencialvenezuela.gob.ve\/index.php\/wp-json\/wp\/v2\/media?parent=21469"}],"wp:term":[{"taxonomy":"category","embeddable":true,"href":"https:\/\/prensapresidencialvenezuela.gob.ve\/index.php\/wp-json\/wp\/v2\/categories?post=21469"},{"taxonomy":"post_tag","embeddable":true,"href":"https:\/\/prensapresidencialvenezuela.gob.ve\/index.php\/wp-json\/wp\/v2\/tags?post=21469"}],"curies":[{"name":"wp","href":"https:\/\/api.w.org\/{rel}","templated":true}]}}