{"id":21472,"date":"2025-07-10T19:23:42","date_gmt":"2025-07-10T23:23:42","guid":{"rendered":"https:\/\/prensapresidencialvenezuela.gob.ve\/?p=21472"},"modified":"2025-07-10T19:23:42","modified_gmt":"2025-07-10T23:23:42","slug":"presidente-maduro-propone-modernizacion-tecnologica-con-china-para-alerta-temprana-ante-fenomenos-climaticos","status":"publish","type":"post","link":"https:\/\/prensapresidencialvenezuela.gob.ve\/index.php\/2025\/07\/10\/presidente-maduro-propone-modernizacion-tecnologica-con-china-para-alerta-temprana-ante-fenomenos-climaticos\/","title":{"rendered":"Presidente Maduro propone modernizaci\u00f3n tecnol\u00f3gica con China, para alerta temprana ante fen\u00f3menos clim\u00e1ticos"},"content":{"rendered":"\n<p><strong>Sistema de Telef\u00e9ricos Mukumbar\u00ed, M\u00e9rida.-<\/strong> El presidente de la Rep\u00fablica Bolivariana de Venezuela, Nicol\u00e1s Maduro, destac\u00f3 este jueves la importancia de perfeccionar los sistemas de medici\u00f3n y alerta temprana ante fen\u00f3menos clim\u00e1ticos, destacando la cooperaci\u00f3n entre el pa\u00eds y la Rep\u00fablica Popular China en la adquisici\u00f3n de tecnolog\u00eda y el papel fundamental del Poder Popular en la respuesta a las emergencias generadas por el cambio clim\u00e1tico.<\/p>\n\n\n\n<p>Durante el lanzamiento de la Gran Misi\u00f3n Madre Tierra Venezuela, celebrada desde el Sistema de Telef\u00e9ricos Mukumbar\u00ed, en el estado M\u00e9rida, el Mandatario nacional subray\u00f3 la necesidad de implementar tecnolog\u00eda avanzada para la medici\u00f3n y detecci\u00f3n permanente de variables clim\u00e1ticas, con el objetivo de fortalecer los sistemas de alerta estructural.<\/p>\n\n\n\n<p>\u00abCon toda la tecnolog\u00eda que hay en este momento, que estamos conociendo, creando y adquiriendo, sobre todo con nuestra relaci\u00f3n profunda con China, tenemos que tener la medici\u00f3n para los sistemas nuevos de alerta temprana\u00bb, afirm\u00f3.<\/p>\n\n\n\n<p>El Jefe de Estado venezolano resalt\u00f3 que el Poder Popular ha desempe\u00f1ado un excelente trabajo en estas situaciones y record\u00f3 la experiencia vivida en Cumanacoa el a\u00f1o pasado, donde una tromba de lluvia gener\u00f3 una emergencia significativa. \u00abEn Cumanacoa, en un tiempo, en julio, peg\u00f3 duro por el oriente&#8230; All\u00e1 estuvimos y se hizo un plan especial de recuperaci\u00f3n de Cumanacoa, que est\u00e1 muy avanzado, felizmente\u00bb, detall\u00f3.<\/p>\n\n\n\n<blockquote class=\"wp-block-quote is-layout-flow wp-block-quote-is-layout-flow\">\n<p>\u00abSolo el pueblo salva al pueblo\u00bb, dijo, asegurando que esta premisa se ha hecho realidad en diversas ocasiones. \u00abEsa consigna (\u2026) la vivimos en Cumanacoa y la vivimos ahora\u00bb, manifest\u00f3.<\/p>\n<\/blockquote>\n\n\n\n<p><strong>Medici\u00f3n de impactos<\/strong><\/p>\n\n\n\n<p>El vicepresidente sectorial y ministro del Poder Popular para la Planificaci\u00f3n, Ricardo Men\u00e9ndez, complement\u00f3 las declaraciones del presidente, se\u00f1alando la importancia estructural de monitorear las cuencas hidrogr\u00e1ficas. Explic\u00f3 que tener mediciones meteorol\u00f3gicas y pluviom\u00e9tricas de lo que ocurre en cada cuenca, permitir\u00eda una modelaci\u00f3n precisa de los impactos esperados.<\/p>\n\n\n\n<blockquote class=\"wp-block-quote is-layout-flow wp-block-quote-is-layout-flow\">\n<p>\u00abSi nosotros tuvi\u00e9semos cada una de las cuencas que tienen propensi\u00f3n a tener riesgo y tuvi\u00e9semos medici\u00f3n desde el punto de vista meteorol\u00f3gico, pluviom\u00e9trico, de qu\u00e9 est\u00e1 ocurriendo en cada uno de ellos, podr\u00edamos tener una modelaci\u00f3n desde el punto de vista de cu\u00e1les son los impactos esperados en situaciones determinadas\u00bb, indic\u00f3 Men\u00e9ndez.<\/p>\n<\/blockquote>\n\n\n\n<h3 class=\"wp-block-heading alignwide\"><strong>El ministro hizo hincapi\u00e9 en la necesidad de medir la precipitaci\u00f3n en las cabeceras de las cuencas, un aspecto crucial a corregir. \u00abMuchas veces medimos en la parte baja desde el punto de vista de las cuencas, es decir, que no tenemos lo que est\u00e1 cayendo en ese momento de agua\u00bb, acot\u00f3. Destac\u00f3 que esta visi\u00f3n integral del territorio y la medici\u00f3n detallada del agua que cae en cada tramo de las cuencas, permitir\u00e1 sistemas de alerta temprana mucho m\u00e1s cient\u00edficos y eficientes para la organizaci\u00f3n de todos los componentes del Estado, incluyendo seguridad, defensa y el Poder Popular.<\/strong><\/h3>\n\n\n\n<p>Finalmente, el presidente Maduro reiter\u00f3 el compromiso de su gobierno con la preparaci\u00f3n y el conocimiento de la poblaci\u00f3n frente a los desaf\u00edos del cambio clim\u00e1tico. \u00abPerfeccionemos los sistemas de detecci\u00f3n temprana, de medici\u00f3n permanente y de alerta estructural, para que nuestro pueblo sea experto en el manejo de las variables nuevas que hay en el cambio y la emergencia clim\u00e1tica\u00bb, concluy\u00f3.<\/p>\n\n\n\n<p><strong>Prensa Presidencial \/ Iliana Rosales<\/strong><\/p>\n","protected":false},"excerpt":{"rendered":"<p>Sistema de Telef\u00e9ricos Mukumbar\u00ed, M\u00e9rida.- El presidente de la Rep\u00fablica Bolivariana de Venezuela, Nicol\u00e1s Maduro, destac\u00f3 este jueves la importancia de perfeccionar los sistemas de medici\u00f3n y alerta temprana ante fen\u00f3menos clim\u00e1ticos, destacando la cooperaci\u00f3n entre el pa\u00eds y la Rep\u00fablica Popular China en la adquisici\u00f3n de tecnolog\u00eda y el papel fundamental del Poder Popular [&hellip;]<\/p>\n","protected":false},"author":1,"featured_media":21473,"comment_status":"open","ping_status":"open","sticky":false,"template":"","format":"standard","meta":{"footnotes":""},"categories":[18,7],"tags":[],"class_list":["post-21472","post","type-post","status-publish","format-standard","has-post-thumbnail","hentry","category-noticias-principales","category-notas-de-prensa"],"_links":{"self":[{"href":"https:\/\/prensapresidencialvenezuela.gob.ve\/index.php\/wp-json\/wp\/v2\/posts\/21472","targetHints":{"allow":["GET"]}}],"collection":[{"href":"https:\/\/prensapresidencialvenezuela.gob.ve\/index.php\/wp-json\/wp\/v2\/posts"}],"about":[{"href":"https:\/\/prensapresidencialvenezuela.gob.ve\/index.php\/wp-json\/wp\/v2\/types\/post"}],"author":[{"embeddable":true,"href":"https:\/\/prensapresidencialvenezuela.gob.ve\/index.php\/wp-json\/wp\/v2\/users\/1"}],"replies":[{"embeddable":true,"href":"https:\/\/prensapresidencialvenezuela.gob.ve\/index.php\/wp-json\/wp\/v2\/comments?post=21472"}],"version-history":[{"count":1,"href":"https:\/\/prensapresidencialvenezuela.gob.ve\/index.php\/wp-json\/wp\/v2\/posts\/21472\/revisions"}],"predecessor-version":[{"id":21474,"href":"https:\/\/prensapresidencialvenezuela.gob.ve\/index.php\/wp-json\/wp\/v2\/posts\/21472\/revisions\/21474"}],"wp:featuredmedia":[{"embeddable":true,"href":"https:\/\/prensapresidencialvenezuela.gob.ve\/index.php\/wp-json\/wp\/v2\/media\/21473"}],"wp:attachment":[{"href":"https:\/\/prensapresidencialvenezuela.gob.ve\/index.php\/wp-json\/wp\/v2\/media?parent=21472"}],"wp:term":[{"taxonomy":"category","embeddable":true,"href":"https:\/\/prensapresidencialvenezuela.gob.ve\/index.php\/wp-json\/wp\/v2\/categories?post=21472"},{"taxonomy":"post_tag","embeddable":true,"href":"https:\/\/prensapresidencialvenezuela.gob.ve\/index.php\/wp-json\/wp\/v2\/tags?post=21472"}],"curies":[{"name":"wp","href":"https:\/\/api.w.org\/{rel}","templated":true}]}}