{"id":21477,"date":"2025-07-10T20:11:51","date_gmt":"2025-07-11T00:11:51","guid":{"rendered":"https:\/\/prensapresidencialvenezuela.gob.ve\/?p=21477"},"modified":"2025-07-10T20:11:52","modified_gmt":"2025-07-11T00:11:52","slug":"plantean-una-revolucion-contra-el-plastico-en-el-manejo-de-desechos-para-sanear-venezuela","status":"publish","type":"post","link":"https:\/\/prensapresidencialvenezuela.gob.ve\/index.php\/2025\/07\/10\/plantean-una-revolucion-contra-el-plastico-en-el-manejo-de-desechos-para-sanear-venezuela\/","title":{"rendered":"Plantean una revoluci\u00f3n contra el pl\u00e1stico, en el manejo de desechos, para sanear Venezuela"},"content":{"rendered":"\n<p><strong>Sistema de Telef\u00e9ricos Mukumbar\u00ed, M\u00e9rida.-<\/strong> El presidente de la Rep\u00fablica Bolivariana de Venezuela, Nicol\u00e1s Maduro, hizo este jueves un llamado contundente a una revoluci\u00f3n en las tecnolog\u00edas y la concepci\u00f3n del manejo de desechos en Venezuela, subrayando la urgencia de abordar la contaminaci\u00f3n que afecta a mares, r\u00edos y diversos ecosistemas del pa\u00eds.<\/p>\n\n\n\n<p>Durante el lanzamiento de la Gran Misi\u00f3n Madre Tierra Venezuela, el Mandatario nacional reflexion\u00f3 sobre el impacto imprevisto del pl\u00e1stico en el ambiente: \u00ab\u00bfQui\u00e9n iba a pensar hace cien a\u00f1os c\u00f3mo el pl\u00e1stico iba a aparecer, iba a terminar contaminando mares, r\u00edos y cuanta cosa se vea por ah\u00ed?\u00bb.<\/p>\n\n\n\n<p>Asimismo, reconoci\u00f3 que, si bien se han logrado avances en el manejo de desechos, el ritmo ha sido \u00abmuy, pero muy, muy lento\u00bb. El presidente Maduro enfatiz\u00f3 la necesidad de una transformaci\u00f3n radical para lograr la descontaminaci\u00f3n de los cuerpos de agua en Venezuela. Asegur\u00f3 que esta tarea es \u00abposible\u00bb en la actualidad, ya que hay capacidades, tecnolog\u00eda para emprenderla.<\/p>\n\n\n\n<h3 class=\"wp-block-heading alignwide\">Por su parte, la vicepresidenta sectorial de Ciencia, Tecnolog\u00eda, Educaci\u00f3n y Salud, Gabriela Jim\u00e9nez Ram\u00edrez, destac\u00f3 especialmente la necesidad de centrar estas acciones en el manejo del micro pl\u00e1stico. \u00abTenemos problemas inclusive asociados a la salud, a la preservaci\u00f3n de la salud. El micro pl\u00e1stico se ha encontrado en semen, en el \u00fatero materno, en la leche materna\u00bb, advirti\u00f3.<\/h3>\n\n\n\n<p>Igualmente, ampli\u00f3 el alcance del problema de los desechos, incluyendo no solo los dom\u00e9sticos, sino tambi\u00e9n los industriales y los generados por el sistema de salud p\u00fablica. En este sentido, propuso una pol\u00edtica nacional estructurada que integre componentes educativos, industriales, cient\u00edficos y tecnol\u00f3gicos.<\/p>\n\n\n\n<p><strong>Prensa Presidencial \/ Iliana Rosales<\/strong><\/p>\n","protected":false},"excerpt":{"rendered":"<p>Sistema de Telef\u00e9ricos Mukumbar\u00ed, M\u00e9rida.- El presidente de la Rep\u00fablica Bolivariana de Venezuela, Nicol\u00e1s Maduro, hizo este jueves un llamado contundente a una revoluci\u00f3n en las tecnolog\u00edas y la concepci\u00f3n del manejo de desechos en Venezuela, subrayando la urgencia de abordar la contaminaci\u00f3n que afecta a mares, r\u00edos y diversos ecosistemas del pa\u00eds. Durante el [&hellip;]<\/p>\n","protected":false},"author":1,"featured_media":21478,"comment_status":"open","ping_status":"open","sticky":false,"template":"","format":"standard","meta":{"footnotes":""},"categories":[18,7],"tags":[],"class_list":["post-21477","post","type-post","status-publish","format-standard","has-post-thumbnail","hentry","category-noticias-principales","category-notas-de-prensa"],"_links":{"self":[{"href":"https:\/\/prensapresidencialvenezuela.gob.ve\/index.php\/wp-json\/wp\/v2\/posts\/21477","targetHints":{"allow":["GET"]}}],"collection":[{"href":"https:\/\/prensapresidencialvenezuela.gob.ve\/index.php\/wp-json\/wp\/v2\/posts"}],"about":[{"href":"https:\/\/prensapresidencialvenezuela.gob.ve\/index.php\/wp-json\/wp\/v2\/types\/post"}],"author":[{"embeddable":true,"href":"https:\/\/prensapresidencialvenezuela.gob.ve\/index.php\/wp-json\/wp\/v2\/users\/1"}],"replies":[{"embeddable":true,"href":"https:\/\/prensapresidencialvenezuela.gob.ve\/index.php\/wp-json\/wp\/v2\/comments?post=21477"}],"version-history":[{"count":1,"href":"https:\/\/prensapresidencialvenezuela.gob.ve\/index.php\/wp-json\/wp\/v2\/posts\/21477\/revisions"}],"predecessor-version":[{"id":21479,"href":"https:\/\/prensapresidencialvenezuela.gob.ve\/index.php\/wp-json\/wp\/v2\/posts\/21477\/revisions\/21479"}],"wp:featuredmedia":[{"embeddable":true,"href":"https:\/\/prensapresidencialvenezuela.gob.ve\/index.php\/wp-json\/wp\/v2\/media\/21478"}],"wp:attachment":[{"href":"https:\/\/prensapresidencialvenezuela.gob.ve\/index.php\/wp-json\/wp\/v2\/media?parent=21477"}],"wp:term":[{"taxonomy":"category","embeddable":true,"href":"https:\/\/prensapresidencialvenezuela.gob.ve\/index.php\/wp-json\/wp\/v2\/categories?post=21477"},{"taxonomy":"post_tag","embeddable":true,"href":"https:\/\/prensapresidencialvenezuela.gob.ve\/index.php\/wp-json\/wp\/v2\/tags?post=21477"}],"curies":[{"name":"wp","href":"https:\/\/api.w.org\/{rel}","templated":true}]}}