{"id":21480,"date":"2025-07-10T20:17:36","date_gmt":"2025-07-11T00:17:36","guid":{"rendered":"https:\/\/prensapresidencialvenezuela.gob.ve\/?p=21480"},"modified":"2025-07-10T20:19:29","modified_gmt":"2025-07-11T00:19:29","slug":"congreso-mundial-en-defensa-de-la-madre-tierra-para-sera-en-diciembre","status":"publish","type":"post","link":"https:\/\/prensapresidencialvenezuela.gob.ve\/index.php\/2025\/07\/10\/congreso-mundial-en-defensa-de-la-madre-tierra-para-sera-en-diciembre\/","title":{"rendered":"Congreso Mundial en Defensa de la Madre Tierra ser\u00e1 en diciembre"},"content":{"rendered":"\n<p><strong>Telef\u00e9rico Mukumbar\u00ed, estado M\u00e9rida. \u2013 \u00ab<\/strong>El 19, 20, 21 de diciembre del presente a\u00f1o, se realizar\u00e1 un Congreso Mundial en Defensa de la Madre Tierra, un Congreso Mundial de Ecosocialismo, que reunir\u00e1 a las principales voces acad\u00e9micas, cient\u00edficas y a los defensores de la vida frente al capitalismo depredador\u00bb, anunci\u00f3 el presidente de la Rep\u00fablica Bolivariana de Venezuela, Nicol\u00e1s Maduro Moros.<\/p>\n\n\n\n<p>Asimismo, el Jefe de Estado ha se\u00f1alado que este congreso se ha convocado con la finalidad de citar ypreparar, desde las bases profundas del pueblo sabio en el territorio, desde los poderosos movimientos cient\u00edficos, universitarios y desde los investigadores, para luchar contra los desastres naturales que han sido provocados por el \u00abcapitalismo depredador\u00bb.<\/p>\n\n\n\n<p>Este encuentro se llevar\u00e1 a cabo, a prop\u00f3sito de la conmemoraci\u00f3n de los 200 a\u00f1os del Decreto de Chuquisaca, por el impacto \u00fanico que tiene el pensamiento de Bol\u00edvar para la lucha que est\u00e1 dando la humanidad en el presente.<\/p>\n\n\n\n<figure class=\"wp-block-image size-large\"><img fetchpriority=\"high\" decoding=\"async\" width=\"1024\" height=\"667\" src=\"https:\/\/prensapresidencialvenezuela.gob.ve\/wp-content\/uploads\/2025\/07\/05_ZC__9392_P-1024x667.jpg\" alt=\"\" class=\"wp-image-21485\" srcset=\"https:\/\/prensapresidencialvenezuela.gob.ve\/wp-content\/uploads\/2025\/07\/05_ZC__9392_P-1024x667.jpg 1024w, https:\/\/prensapresidencialvenezuela.gob.ve\/wp-content\/uploads\/2025\/07\/05_ZC__9392_P-300x195.jpg 300w, https:\/\/prensapresidencialvenezuela.gob.ve\/wp-content\/uploads\/2025\/07\/05_ZC__9392_P-768x500.jpg 768w, https:\/\/prensapresidencialvenezuela.gob.ve\/wp-content\/uploads\/2025\/07\/05_ZC__9392_P-1536x1000.jpg 1536w, https:\/\/prensapresidencialvenezuela.gob.ve\/wp-content\/uploads\/2025\/07\/05_ZC__9392_P-2048x1333.jpg 2048w\" sizes=\"(max-width: 1024px) 100vw, 1024px\" \/><\/figure>\n\n\n\n<p>Es importante dar a conocer que el Decreto de Chuquisaca es un documento hist\u00f3rico promulgado por Sim\u00f3n Bol\u00edvar en 1825 en Chuquisaca, Bolivia, con el objetivo de proteger los recursos naturales, como bosques, r\u00edos y suelos, y promover su uso racional; ya que el Libertador, un visionario de la \u00e9poca, plante\u00f3 la necesidad de reforestar, recuperar y aprovechar de manera sostenible los recursos naturales.<\/p>\n\n\n\n<p>Por otra parte, el Mandatario venezolano ha resaltado que se est\u00e1 desarrollando un planteamiento para el inicio del congreso, sobre la organizaci\u00f3n de los Comit\u00e9s de Ecosocialismo de la Gran Misi\u00f3n, en los 5 338 Circuitos Comunales del pa\u00eds; por lo que, le encarg\u00f3 al ministro del Poder Popular de Ecosocialismo, Ricardo Molina, la presidenta del Instituto Nacional de Parques (INPARQUES), y la ministra del Poder Popular para Ciencia y Tecnolog\u00eda, Gabriela Jim\u00e9nez, a constituir los Comit\u00e9s de Ecosocialismo.<\/p>\n\n\n\n<p>Al mismo tiempo, el Presidente tambi\u00e9n indic\u00f3 que de esta manera se dejar\u00e1n propuestas, ideas y la fuerza que mueve la Revoluci\u00f3n, para el afianzamiento de la Gran Misi\u00f3n de Nueva Generaci\u00f3n Madre Tierra Venezuela.<\/p>\n\n\n\n<p><strong>Prensa Presidencial\/ Irmary D\u00edaz<\/strong><\/p>\n","protected":false},"excerpt":{"rendered":"<p>Telef\u00e9rico Mukumbar\u00ed, estado M\u00e9rida. \u2013 \u00abEl 19, 20, 21 de diciembre del presente a\u00f1o, se realizar\u00e1 un Congreso Mundial en Defensa de la Madre Tierra, un Congreso Mundial de Ecosocialismo, que reunir\u00e1 a las principales voces acad\u00e9micas, cient\u00edficas y a los defensores de la vida frente al capitalismo depredador\u00bb, anunci\u00f3 el presidente de la Rep\u00fablica [&hellip;]<\/p>\n","protected":false},"author":1,"featured_media":21484,"comment_status":"open","ping_status":"open","sticky":false,"template":"","format":"standard","meta":{"footnotes":""},"categories":[18,7],"tags":[],"class_list":["post-21480","post","type-post","status-publish","format-standard","has-post-thumbnail","hentry","category-noticias-principales","category-notas-de-prensa"],"_links":{"self":[{"href":"https:\/\/prensapresidencialvenezuela.gob.ve\/index.php\/wp-json\/wp\/v2\/posts\/21480","targetHints":{"allow":["GET"]}}],"collection":[{"href":"https:\/\/prensapresidencialvenezuela.gob.ve\/index.php\/wp-json\/wp\/v2\/posts"}],"about":[{"href":"https:\/\/prensapresidencialvenezuela.gob.ve\/index.php\/wp-json\/wp\/v2\/types\/post"}],"author":[{"embeddable":true,"href":"https:\/\/prensapresidencialvenezuela.gob.ve\/index.php\/wp-json\/wp\/v2\/users\/1"}],"replies":[{"embeddable":true,"href":"https:\/\/prensapresidencialvenezuela.gob.ve\/index.php\/wp-json\/wp\/v2\/comments?post=21480"}],"version-history":[{"count":3,"href":"https:\/\/prensapresidencialvenezuela.gob.ve\/index.php\/wp-json\/wp\/v2\/posts\/21480\/revisions"}],"predecessor-version":[{"id":21486,"href":"https:\/\/prensapresidencialvenezuela.gob.ve\/index.php\/wp-json\/wp\/v2\/posts\/21480\/revisions\/21486"}],"wp:featuredmedia":[{"embeddable":true,"href":"https:\/\/prensapresidencialvenezuela.gob.ve\/index.php\/wp-json\/wp\/v2\/media\/21484"}],"wp:attachment":[{"href":"https:\/\/prensapresidencialvenezuela.gob.ve\/index.php\/wp-json\/wp\/v2\/media?parent=21480"}],"wp:term":[{"taxonomy":"category","embeddable":true,"href":"https:\/\/prensapresidencialvenezuela.gob.ve\/index.php\/wp-json\/wp\/v2\/categories?post=21480"},{"taxonomy":"post_tag","embeddable":true,"href":"https:\/\/prensapresidencialvenezuela.gob.ve\/index.php\/wp-json\/wp\/v2\/tags?post=21480"}],"curies":[{"name":"wp","href":"https:\/\/api.w.org\/{rel}","templated":true}]}}