{"id":21490,"date":"2025-07-10T20:29:48","date_gmt":"2025-07-11T00:29:48","guid":{"rendered":"https:\/\/prensapresidencialvenezuela.gob.ve\/?p=21490"},"modified":"2025-07-10T20:29:49","modified_gmt":"2025-07-11T00:29:49","slug":"merida-habilito-100-las-vias-afectadas-por-fuertes-precipitaciones","status":"publish","type":"post","link":"https:\/\/prensapresidencialvenezuela.gob.ve\/index.php\/2025\/07\/10\/merida-habilito-100-las-vias-afectadas-por-fuertes-precipitaciones\/","title":{"rendered":"M\u00e9rida habilit\u00f3 100% las v\u00edas afectadas por fuertes precipitaciones"},"content":{"rendered":"\n<p><strong>Curva del Caim\u00e1n, M\u00e9rida.- <\/strong>El gobernador del estado M\u00e9rida, Arnaldo S\u00e1nchez, anunci\u00f3 este jueves que se ha restablecido por completo la transitabilidad en el 100% de las v\u00edas terrestres, que resultaron afectadas por las intensas lluvias de las \u00faltimas semanas en la regi\u00f3n.<\/p>\n\n\n\n<p>Con el objetivo de garantizar la circulaci\u00f3n de familias, turistas y productores agr\u00edcolas, el mandatario regional detall\u00f3 que las precipitaciones causaron 82 afectaciones viales, incluyendo da\u00f1os en 40 puentes principales y agr\u00edcolas.<\/p>\n\n\n\n<p>El gobernador destac\u00f3 la rapidez con la que se abordaron los da\u00f1os, se\u00f1alando que en 24 horas gran parte de las obras fueron levantadas. Atribuy\u00f3 este logro a la perfecta articulaci\u00f3n con el Poder Popular, la Fuerza Armada Nacional Bolivariana (FANB), Protecci\u00f3n Civil y Bomberos.<\/p>\n\n\n\n<p>Desde el sector La Curva del Caim\u00e1n, parroquia Mucurub\u00e1, la secretaria de Gobierno de M\u00e9rida, Yurami Quintero, quien hizo un pase televisivo con el gobernador, inform\u00f3 sobre la construcci\u00f3n de una v\u00eda alterna en solo 72 horas. Esta nueva arteria vial permitir\u00e1 la circulaci\u00f3n de transporte pesado, liviano y p\u00fablico.<\/p>\n\n\n\n<p>Se trata de una de las zonas m\u00e1s afectadas por las fuertes lluvias en M\u00e9rida y una de las mayores obras viales realizadas en la regi\u00f3n, que contempla dos etapas: la primera que ya fue culminada y la segunda, que inicia el pr\u00f3ximo lunes, con el asfaltado de la arteria vial.<\/p>\n\n\n\n<p>Adem\u00e1s de las labores de infraestructura, las autoridades tambi\u00e9n brindaron atenci\u00f3n integral a la poblaci\u00f3n afectada, incluyendo la alimentaci\u00f3n y cuidado de los animales que quedaron desamparados tras las precipitaciones, gracias al trabajo de Misi\u00f3n Nevado.<\/p>\n\n\n\n<p><strong>Prensa Presidencial \/ Iliana Rosales<\/strong><\/p>\n","protected":false},"excerpt":{"rendered":"<p>Curva del Caim\u00e1n, M\u00e9rida.- El gobernador del estado M\u00e9rida, Arnaldo S\u00e1nchez, anunci\u00f3 este jueves que se ha restablecido por completo la transitabilidad en el 100% de las v\u00edas terrestres, que resultaron afectadas por las intensas lluvias de las \u00faltimas semanas en la regi\u00f3n. Con el objetivo de garantizar la circulaci\u00f3n de familias, turistas y productores [&hellip;]<\/p>\n","protected":false},"author":1,"featured_media":21491,"comment_status":"open","ping_status":"open","sticky":false,"template":"","format":"standard","meta":{"footnotes":""},"categories":[18,7],"tags":[],"class_list":["post-21490","post","type-post","status-publish","format-standard","has-post-thumbnail","hentry","category-noticias-principales","category-notas-de-prensa"],"_links":{"self":[{"href":"https:\/\/prensapresidencialvenezuela.gob.ve\/index.php\/wp-json\/wp\/v2\/posts\/21490","targetHints":{"allow":["GET"]}}],"collection":[{"href":"https:\/\/prensapresidencialvenezuela.gob.ve\/index.php\/wp-json\/wp\/v2\/posts"}],"about":[{"href":"https:\/\/prensapresidencialvenezuela.gob.ve\/index.php\/wp-json\/wp\/v2\/types\/post"}],"author":[{"embeddable":true,"href":"https:\/\/prensapresidencialvenezuela.gob.ve\/index.php\/wp-json\/wp\/v2\/users\/1"}],"replies":[{"embeddable":true,"href":"https:\/\/prensapresidencialvenezuela.gob.ve\/index.php\/wp-json\/wp\/v2\/comments?post=21490"}],"version-history":[{"count":1,"href":"https:\/\/prensapresidencialvenezuela.gob.ve\/index.php\/wp-json\/wp\/v2\/posts\/21490\/revisions"}],"predecessor-version":[{"id":21492,"href":"https:\/\/prensapresidencialvenezuela.gob.ve\/index.php\/wp-json\/wp\/v2\/posts\/21490\/revisions\/21492"}],"wp:featuredmedia":[{"embeddable":true,"href":"https:\/\/prensapresidencialvenezuela.gob.ve\/index.php\/wp-json\/wp\/v2\/media\/21491"}],"wp:attachment":[{"href":"https:\/\/prensapresidencialvenezuela.gob.ve\/index.php\/wp-json\/wp\/v2\/media?parent=21490"}],"wp:term":[{"taxonomy":"category","embeddable":true,"href":"https:\/\/prensapresidencialvenezuela.gob.ve\/index.php\/wp-json\/wp\/v2\/categories?post=21490"},{"taxonomy":"post_tag","embeddable":true,"href":"https:\/\/prensapresidencialvenezuela.gob.ve\/index.php\/wp-json\/wp\/v2\/tags?post=21490"}],"curies":[{"name":"wp","href":"https:\/\/api.w.org\/{rel}","templated":true}]}}