{"id":21493,"date":"2025-07-10T20:50:17","date_gmt":"2025-07-11T00:50:17","guid":{"rendered":"https:\/\/prensapresidencialvenezuela.gob.ve\/?p=21493"},"modified":"2025-07-10T20:50:18","modified_gmt":"2025-07-11T00:50:18","slug":"aprobado-fondo-especial-de-lluvias-para-la-atencion-de-emergencias","status":"publish","type":"post","link":"https:\/\/prensapresidencialvenezuela.gob.ve\/index.php\/2025\/07\/10\/aprobado-fondo-especial-de-lluvias-para-la-atencion-de-emergencias\/","title":{"rendered":"Aprobado Fondo Especial de Lluvias para la atenci\u00f3n de emergencias"},"content":{"rendered":"\n<p><strong>Telef\u00e9rico Mukumbar\u00ed, estado M\u00e9rida. \u2013 <\/strong>Durante el lanzamiento de Gran Misi\u00f3n de Nueva Generaci\u00f3n Madre Tierra Venezuela, el presidente de la Rep\u00fablica Bolivariana de Venezuela, Nicol\u00e1s Maduro Moros, aprob\u00f3 un Fondo Especial de Lluvias<strong>, <\/strong>para apoyar a todos los productores del campo que hayan perdido sus siembras a causa de las fuertes precipitaciones que se han generado en las \u00faltimas semanas.<\/p>\n\n\n\n<h2 class=\"wp-block-heading alignwide\">\u00abSequemos, abramos la trocha y a sembrar otra vez, porque no habr\u00e1 p\u00e9rdidas otra vez\u00bb, enfatiz\u00f3 el jefe de Estado.<\/h2>\n\n\n\n<p>En este contexto, realiz\u00f3 un pase televiso al estado Portuguesa, donde se encuentra el gobernador de la entidad, Primitivo Cede\u00f1o, junto a representantes de comunas y circuitos comunales de la ciudad deTur\u00e9n, para informar que m\u00e1s de 2 mil familias fueron afectadas en un sector de Tur\u00e9n.<\/p>\n\n\n\n<figure class=\"wp-block-image size-large\"><img fetchpriority=\"high\" decoding=\"async\" width=\"735\" height=\"1024\" src=\"https:\/\/prensapresidencialvenezuela.gob.ve\/wp-content\/uploads\/2025\/07\/11_ZC__8964_P-735x1024.jpg\" alt=\"\" class=\"wp-image-21495\" srcset=\"https:\/\/prensapresidencialvenezuela.gob.ve\/wp-content\/uploads\/2025\/07\/11_ZC__8964_P-735x1024.jpg 735w, https:\/\/prensapresidencialvenezuela.gob.ve\/wp-content\/uploads\/2025\/07\/11_ZC__8964_P-215x300.jpg 215w, https:\/\/prensapresidencialvenezuela.gob.ve\/wp-content\/uploads\/2025\/07\/11_ZC__8964_P-768x1070.jpg 768w, https:\/\/prensapresidencialvenezuela.gob.ve\/wp-content\/uploads\/2025\/07\/11_ZC__8964_P-1102x1536.jpg 1102w, https:\/\/prensapresidencialvenezuela.gob.ve\/wp-content\/uploads\/2025\/07\/11_ZC__8964_P.jpg 1435w\" sizes=\"(max-width: 735px) 100vw, 735px\" \/><\/figure>\n\n\n\n<p>Asimismo, destac\u00f3 que se encuentran las m\u00e1quinas y los tubos para ampliar los puentes y la capacidad para generar tranquilidad en cada uno de los habitantes del estado Portuguesa; porque \u00abel gobierno de Nicol\u00e1s Maduro responde a este hermoso pueblo de Tur\u00e9n\u00bb.<\/p>\n\n\n\n<p>En la misma l\u00ednea, acot\u00f3 que en los pr\u00f3ximos d\u00edas se construir\u00e1n dos puentes de alcantarillado, llev\u00e1ndolo a unas 120 pulgadas, lo que duplicar\u00eda la capacidad de salida; y, adem\u00e1s, el Puente El Guamal, que ha sido afectado por las fuertes lluvias, pero se est\u00e1 recuperando gracias al trabajo articulado con el equipo del ministro del Poder Popular para el Transporte, Ram\u00f3n Vel\u00e1squez Araguay\u00e1n.<\/p>\n\n\n\n<h2 class=\"wp-block-heading alignwide\">\u00abEl puente del R\u00edo Acarigua est\u00e1 a punto del desplome, m\u00e1s 29 puentes que tenemos en el estado Portuguesa, que est\u00e1n afectados en ese sector\u00bb, acot\u00f3 el gobernador de la entidad; subrayando a su vez, que es importante que el pueblo venezolano sepa sobre el esfuerzo que hace el gobierno del presidente Nicol\u00e1s Maduro, para resolver cada una estas problem\u00e1ticas.<\/h2>\n\n\n\n<p>El gobernador Primitivo Cede\u00f1o destac\u00f3 que a pesar de las fuertes lluvias que tambi\u00e9n han afectado a la zona cafetalera de Chabasqu\u00e9n en Biscucuy, y que ha causado el desplome de puentes, cerros, carreteras y viviendas, la entidad occidental ha contado con la presencia y el apoyo del Ministerio del Poder Popular para la Salud, as\u00ed como el Ministerio del Poder Popular para la Alimentaci\u00f3n, Obras P\u00fablicas y Vivienda.<\/p>\n\n\n\n<p>Por su parte, el Dignatario nacional exhort\u00f3 al dirigente de la entidad a mantener la \u00abcalma, cordura, nervios de acero y m\u00e1xima acci\u00f3n y uni\u00f3n popular, militar, policial, porque la victoria nos pertenece\u00bb.<\/p>\n\n\n\n<p><strong>\u00abDonde llegue el agua la sacamos, secamos y seguimos con mucha fe. \u201cDios con nosotros, \u00bfqui\u00e9n en contra?\u201d. As\u00ed que tengan esa fortaleza de equipo, porque tenemos a un pueblo\u00bb, precis\u00f3 el l\u00edder venezolano para finalizar.<\/strong><\/p>\n\n\n\n<p><strong>Prensa Presidencial\/ Irmary D\u00edaz<\/strong><\/p>\n","protected":false},"excerpt":{"rendered":"<p>Telef\u00e9rico Mukumbar\u00ed, estado M\u00e9rida. \u2013 Durante el lanzamiento de Gran Misi\u00f3n de Nueva Generaci\u00f3n Madre Tierra Venezuela, el presidente de la Rep\u00fablica Bolivariana de Venezuela, Nicol\u00e1s Maduro Moros, aprob\u00f3 un Fondo Especial de Lluvias, para apoyar a todos los productores del campo que hayan perdido sus siembras a causa de las fuertes precipitaciones que se [&hellip;]<\/p>\n","protected":false},"author":1,"featured_media":21494,"comment_status":"open","ping_status":"open","sticky":false,"template":"","format":"standard","meta":{"footnotes":""},"categories":[18,7],"tags":[],"class_list":["post-21493","post","type-post","status-publish","format-standard","has-post-thumbnail","hentry","category-noticias-principales","category-notas-de-prensa"],"_links":{"self":[{"href":"https:\/\/prensapresidencialvenezuela.gob.ve\/index.php\/wp-json\/wp\/v2\/posts\/21493","targetHints":{"allow":["GET"]}}],"collection":[{"href":"https:\/\/prensapresidencialvenezuela.gob.ve\/index.php\/wp-json\/wp\/v2\/posts"}],"about":[{"href":"https:\/\/prensapresidencialvenezuela.gob.ve\/index.php\/wp-json\/wp\/v2\/types\/post"}],"author":[{"embeddable":true,"href":"https:\/\/prensapresidencialvenezuela.gob.ve\/index.php\/wp-json\/wp\/v2\/users\/1"}],"replies":[{"embeddable":true,"href":"https:\/\/prensapresidencialvenezuela.gob.ve\/index.php\/wp-json\/wp\/v2\/comments?post=21493"}],"version-history":[{"count":1,"href":"https:\/\/prensapresidencialvenezuela.gob.ve\/index.php\/wp-json\/wp\/v2\/posts\/21493\/revisions"}],"predecessor-version":[{"id":21496,"href":"https:\/\/prensapresidencialvenezuela.gob.ve\/index.php\/wp-json\/wp\/v2\/posts\/21493\/revisions\/21496"}],"wp:featuredmedia":[{"embeddable":true,"href":"https:\/\/prensapresidencialvenezuela.gob.ve\/index.php\/wp-json\/wp\/v2\/media\/21494"}],"wp:attachment":[{"href":"https:\/\/prensapresidencialvenezuela.gob.ve\/index.php\/wp-json\/wp\/v2\/media?parent=21493"}],"wp:term":[{"taxonomy":"category","embeddable":true,"href":"https:\/\/prensapresidencialvenezuela.gob.ve\/index.php\/wp-json\/wp\/v2\/categories?post=21493"},{"taxonomy":"post_tag","embeddable":true,"href":"https:\/\/prensapresidencialvenezuela.gob.ve\/index.php\/wp-json\/wp\/v2\/tags?post=21493"}],"curies":[{"name":"wp","href":"https:\/\/api.w.org\/{rel}","templated":true}]}}