{"id":21497,"date":"2025-07-10T21:02:06","date_gmt":"2025-07-11T01:02:06","guid":{"rendered":"https:\/\/prensapresidencialvenezuela.gob.ve\/?p=21497"},"modified":"2025-07-10T21:02:06","modified_gmt":"2025-07-11T01:02:06","slug":"barinas-gobierno-bolivariano-brinda-atencion-integral-a-familias-afectadas-por-lluvias","status":"publish","type":"post","link":"https:\/\/prensapresidencialvenezuela.gob.ve\/index.php\/2025\/07\/10\/barinas-gobierno-bolivariano-brinda-atencion-integral-a-familias-afectadas-por-lluvias\/","title":{"rendered":"Barinas: Gobierno Bolivariano brinda atenci\u00f3n integral a familias afectadas por lluvias"},"content":{"rendered":"\n<p><strong>Ciudad de Nutrias, Barinas.- <\/strong>El gobernador del estado Barinas, Ad\u00e1n Ch\u00e1vez, ofreci\u00f3 este jueves un balance sobre la atenci\u00f3n brindada a las familias afectadas por las recientes precipitaciones, detallando que el Gobierno Bolivariano ha cubierto sus necesidades alimentarias y ha sumado esfuerzos en la rehabilitaci\u00f3n de las zonas m\u00e1s impactadas.<\/p>\n\n\n\n<p>Desde Ciudad de Nutrias, acompa\u00f1ado por parte del tren ejecutivo, el regente regional mencion\u00f3 que unas 10 500 familias se han visto notablemente impactadas por las consecuencias de las torrenciales lluvias. De estas, 40 000 personas son vulnerables, incluyendo ni\u00f1os, mujeres y adultos mayores.<\/p>\n\n\n\n<p>Asimismo, precis\u00f3 que este jueves se cumplen cinco d\u00edas de labores continuas dedicadas al estudio del terreno, los da\u00f1os ocasionados, el impacto humano de las lluvias y las necesidades de la poblaci\u00f3n ante la emergencia clim\u00e1tica.<\/p>\n\n\n\n<p>En tal sentido, inform\u00f3 que se han distribuido 3 000 combos CLAP, 6 000 toneladas de prote\u00ednas y 2 000 comidas diarias en los 15 refugios que albergan a unas 700 personas, cuyas viviendas sufrieron mayores afectaciones.<\/p>\n\n\n\n<p>La vocera del Poder Popular, Evelin Jim\u00e9nez, manifest\u00f3 su agradecimiento al Gobierno Bolivariano por su reacci\u00f3n inmediata frente a la emergencia. Precis\u00f3 que, de los 18 circuitos comunales de la municipalidad, 12 se encuentran afectados, lo que representa el 96% de los sectores de la comuna.<\/p>\n\n\n\n<p><strong>Prensa Presidencial \/ Iliana Rosales<\/strong><\/p>\n","protected":false},"excerpt":{"rendered":"<p>Ciudad de Nutrias, Barinas.- El gobernador del estado Barinas, Ad\u00e1n Ch\u00e1vez, ofreci\u00f3 este jueves un balance sobre la atenci\u00f3n brindada a las familias afectadas por las recientes precipitaciones, detallando que el Gobierno Bolivariano ha cubierto sus necesidades alimentarias y ha sumado esfuerzos en la rehabilitaci\u00f3n de las zonas m\u00e1s impactadas. Desde Ciudad de Nutrias, acompa\u00f1ado [&hellip;]<\/p>\n","protected":false},"author":1,"featured_media":21498,"comment_status":"open","ping_status":"open","sticky":false,"template":"","format":"standard","meta":{"footnotes":""},"categories":[18,7],"tags":[],"class_list":["post-21497","post","type-post","status-publish","format-standard","has-post-thumbnail","hentry","category-noticias-principales","category-notas-de-prensa"],"_links":{"self":[{"href":"https:\/\/prensapresidencialvenezuela.gob.ve\/index.php\/wp-json\/wp\/v2\/posts\/21497","targetHints":{"allow":["GET"]}}],"collection":[{"href":"https:\/\/prensapresidencialvenezuela.gob.ve\/index.php\/wp-json\/wp\/v2\/posts"}],"about":[{"href":"https:\/\/prensapresidencialvenezuela.gob.ve\/index.php\/wp-json\/wp\/v2\/types\/post"}],"author":[{"embeddable":true,"href":"https:\/\/prensapresidencialvenezuela.gob.ve\/index.php\/wp-json\/wp\/v2\/users\/1"}],"replies":[{"embeddable":true,"href":"https:\/\/prensapresidencialvenezuela.gob.ve\/index.php\/wp-json\/wp\/v2\/comments?post=21497"}],"version-history":[{"count":1,"href":"https:\/\/prensapresidencialvenezuela.gob.ve\/index.php\/wp-json\/wp\/v2\/posts\/21497\/revisions"}],"predecessor-version":[{"id":21499,"href":"https:\/\/prensapresidencialvenezuela.gob.ve\/index.php\/wp-json\/wp\/v2\/posts\/21497\/revisions\/21499"}],"wp:featuredmedia":[{"embeddable":true,"href":"https:\/\/prensapresidencialvenezuela.gob.ve\/index.php\/wp-json\/wp\/v2\/media\/21498"}],"wp:attachment":[{"href":"https:\/\/prensapresidencialvenezuela.gob.ve\/index.php\/wp-json\/wp\/v2\/media?parent=21497"}],"wp:term":[{"taxonomy":"category","embeddable":true,"href":"https:\/\/prensapresidencialvenezuela.gob.ve\/index.php\/wp-json\/wp\/v2\/categories?post=21497"},{"taxonomy":"post_tag","embeddable":true,"href":"https:\/\/prensapresidencialvenezuela.gob.ve\/index.php\/wp-json\/wp\/v2\/tags?post=21497"}],"curies":[{"name":"wp","href":"https:\/\/api.w.org\/{rel}","templated":true}]}}